{"id":926,"date":"2019-06-21T18:02:09","date_gmt":"2019-06-21T18:02:09","guid":{"rendered":"http:\/\/www.adeomrocha.com.uy\/?p=926"},"modified":"2019-06-21T18:02:10","modified_gmt":"2019-06-21T18:02:10","slug":"federacion-nacional-de-municipales-lanza-campana-para-ayudar-a-inundados","status":"publish","type":"post","link":"https:\/\/www.adeomrocha.com.uy\/?p=926","title":{"rendered":"Federaci\u00f3n Nacional de Municipales lanza campa\u00f1a para ayudar a inundados"},"content":{"rendered":"\n<p>El n\u00famero de personas desplazadas por las inundaciones sigue increment\u00e1ndose. La Federaci\u00f3n Nacional de Municipales lanz\u00f3 una campa\u00f1a solidaria para colaborar con la poblaci\u00f3n afectada.<\/p>\n\n\n\n<p>Se aceptan alimentos no perecederos, productos y elementos de limpieza para el hogar y aseo personal, y pa\u00f1ales para ni\u00f1os y adultos.<\/p>\n\n\n\n<p>Las donaciones se recibir\u00e1n en las sedes de Adeom de los distintos departamentos.<\/p>\n\n\n\n<figure class=\"wp-block-image\"><img loading=\"lazy\" decoding=\"async\" width=\"728\" height=\"419\" src=\"http:\/\/www.adeomrocha.com.uy\/wp-content\/uploads\/2019\/06\/inundacionesuruguay2-1.jpg\" alt=\"\" class=\"wp-image-928\" srcset=\"https:\/\/www.adeomrocha.com.uy\/wp-content\/uploads\/2019\/06\/inundacionesuruguay2-1.jpg 728w, https:\/\/www.adeomrocha.com.uy\/wp-content\/uploads\/2019\/06\/inundacionesuruguay2-1-300x173.jpg 300w, https:\/\/www.adeomrocha.com.uy\/wp-content\/uploads\/2019\/06\/inundacionesuruguay2-1-210x121.jpg 210w\" sizes=\"auto, (max-width: 728px) 100vw, 728px\" \/><\/figure>\n","protected":false},"excerpt":{"rendered":"<p>El n\u00famero de personas desplazadas por las inundaciones sigue increment\u00e1ndose. La Federaci\u00f3n Nacional de Municipales lanz\u00f3 una campa\u00f1a solidaria para colaborar con la poblaci\u00f3n afectada. Se aceptan alimentos no perecederos, productos y elementos de limpieza para el hogar y aseo personal, y pa\u00f1ales para ni\u00f1os y adultos. Las donaciones se recibir\u00e1n en las sedes de [&hellip;]<\/p>\n","protected":false},"author":1,"featured_media":927,"comment_status":"open","ping_status":"open","sticky":false,"template":"","format":"standard","meta":{"footnotes":""},"categories":[1],"tags":[],"class_list":["post-926","post","type-post","status-publish","format-standard","has-post-thumbnail","hentry","category-sin-categoria"],"_links":{"self":[{"href":"https:\/\/www.adeomrocha.com.uy\/index.php?rest_route=\/wp\/v2\/posts\/926","targetHints":{"allow":["GET"]}}],"collection":[{"href":"https:\/\/www.adeomrocha.com.uy\/index.php?rest_route=\/wp\/v2\/posts"}],"about":[{"href":"https:\/\/www.adeomrocha.com.uy\/index.php?rest_route=\/wp\/v2\/types\/post"}],"author":[{"embeddable":true,"href":"https:\/\/www.adeomrocha.com.uy\/index.php?rest_route=\/wp\/v2\/users\/1"}],"replies":[{"embeddable":true,"href":"https:\/\/www.adeomrocha.com.uy\/index.php?rest_route=%2Fwp%2Fv2%2Fcomments&post=926"}],"version-history":[{"count":1,"href":"https:\/\/www.adeomrocha.com.uy\/index.php?rest_route=\/wp\/v2\/posts\/926\/revisions"}],"predecessor-version":[{"id":929,"href":"https:\/\/www.adeomrocha.com.uy\/index.php?rest_route=\/wp\/v2\/posts\/926\/revisions\/929"}],"wp:featuredmedia":[{"embeddable":true,"href":"https:\/\/www.adeomrocha.com.uy\/index.php?rest_route=\/wp\/v2\/media\/927"}],"wp:attachment":[{"href":"https:\/\/www.adeomrocha.com.uy\/index.php?rest_route=%2Fwp%2Fv2%2Fmedia&parent=926"}],"wp:term":[{"taxonomy":"category","embeddable":true,"href":"https:\/\/www.adeomrocha.com.uy\/index.php?rest_route=%2Fwp%2Fv2%2Fcategories&post=926"},{"taxonomy":"post_tag","embeddable":true,"href":"https:\/\/www.adeomrocha.com.uy\/index.php?rest_route=%2Fwp%2Fv2%2Ftags&post=926"}],"curies":[{"name":"wp","href":"https:\/\/api.w.org\/{rel}","templated":true}]}}