{"id":914,"date":"2019-04-21T16:55:37","date_gmt":"2019-04-21T16:55:37","guid":{"rendered":"http:\/\/www.adeomrocha.com.uy\/?p=914"},"modified":"2019-04-21T16:55:39","modified_gmt":"2019-04-21T16:55:39","slug":"%ef%bb%bfley-no-17-940-libertad-sindical","status":"publish","type":"post","link":"https:\/\/www.adeomrocha.com.uy\/?p=914","title":{"rendered":"\ufeffLey N\u00ba 17.940 &#8211; Libertad Sindical"},"content":{"rendered":"\n<p><strong>Ley N\u00ba 17.940<\/strong><\/p>\n\n\n\n<p><strong>LIBERTAD SINDICAL<\/strong><\/p>\n\n\n\n<p><strong>NORMAS PARA SU\nPROTECCI\u00d3N<\/strong><\/p>\n\n\n\n<p><strong>El Senado y la C\u00e1mara de\nRepresentantes de la Rep\u00fablica Oriental del Uruguay, reunidos en Asamblea\nGeneral,<\/strong><\/p>\n\n\n\n<p><strong>DECRETAN:<\/strong><\/p>\n\n\n\n<hr class=\"wp-block-separator\"\/>\n\n\n\n<p><a>Art\u00edculo&nbsp;1\u00ba<\/a>.-&nbsp;(Nulidad de los actos discriminatorios).-\nDecl\u00e1rase que, de conformidad con el&nbsp;<a href=\"https:\/\/legislativo.parlamento.gub.uy\/temporales\/aresuelveref.aspx?CONSTITUCION,401\/art57\/2004\/HTM\/\">art\u00edculo&nbsp;57 de la Constituci\u00f3n de la Rep\u00fablica<\/a>, con el\nart\u00edculo&nbsp;1\u00ba del&nbsp;<a href=\"https:\/\/legislativo.parlamento.gub.uy\/temporales\/aresuelveref.aspx?DOCUMENTOINT,1198\/\/HTM\/\">Convenio<\/a>&nbsp;Internacional del\nTrabajo N\u00ba&nbsp;98 (sobre el derecho de sindicaci\u00f3n y de negociaci\u00f3n colectiva,\n1949) aprobado por la&nbsp;<a href=\"https:\/\/legislativo.parlamento.gub.uy\/temporales\/aresuelveref.aspx?LEY,12030\/\/HTM\">Ley N\u00ba&nbsp;12.030<\/a>, de 27 de noviembre de\n1953, y con los literales&nbsp;a) y b) del art\u00edculo&nbsp;9\u00ba de la&nbsp;<a href=\"https:\/\/legislativo.parlamento.gub.uy\/temporales\/aresuelveref.aspx?DOCUMENTOINT,1245\/art9\/HTM\/\">Declaraci\u00f3n<\/a>&nbsp;sociolaboral del\nMERCOSUR, es absolutamente nula cualquier discriminaci\u00f3n tendiente a menoscabar\nla libertad sindical de los trabajadores en relaci\u00f3n con su empleo o con el\nacceso al mismo.<\/p>\n\n\n\n<p>En especial, es\nabsolutamente nula cualquier acci\u00f3n u omisi\u00f3n que tenga por objeto:<\/p>\n\n\n\n<table class=\"wp-block-table\"><tbody><tr><td>\n  A)\n  <\/td><td>\n  Sujetar el empleo de un trabajador a la condici\u00f3n de que no se afilie a\n  un sindicato o a la de dejar de ser miembro de un sindicato.\n  <\/td><\/tr><tr><td>\n  B)\n  <\/td><td>\n  Despedir a un trabajador o perjudicarlo en cualquier otra forma a causa\n  de su afiliaci\u00f3n sindical o de su participaci\u00f3n en actividades sindicales,\n  fuera de las horas de trabajo o, con el consentimiento del empleador, durante\n  las horas de trabajo.\n  <\/td><\/tr><\/tbody><\/table>\n\n\n\n<p>Las garant\u00edas prescritas\nen la presente disposici\u00f3n, tambi\u00e9n alcanzan a los trabajadores que efect\u00faen\nactuaciones tendientes a la constituci\u00f3n de organizaciones sindicales, dentro o\nfuera de los lugares de trabajo.<\/p>\n\n\n\n<p><a>Art\u00edculo&nbsp;2\u00ba<\/a>.&nbsp;(Procedimiento).-<\/p>\n\n\n\n<table class=\"wp-block-table\"><tbody><tr><td>\n  1)\n  <\/td><td>\n  (Proceso general). La pretensi\u00f3n de reinstalaci\u00f3n o de reposici\u00f3n del\n  trabajador despedido o discriminado se tramitar\u00e1 por el proceso\n  extraordinario (art\u00edculos&nbsp;346 y 347 del&nbsp;<a href=\"https:\/\/legislativo.parlamento.gub.uy\/temporales\/aresuelveref.aspx?CODIGOS,codigogeneralproceso\/2001\/2\/art346\/HTM\/%27\/htmlstat\/pl\/codigos\/codigogeneralproceso\/2001-2\/cod_generalproceso.htm#art346'\">C\u00f3digo General del Proceso<\/a>). El tribunal\n  dispondr\u00e1, si correspondiere, el cese inmediato de los actos discriminatorios\n  cuando a juicio de dicho tribunal los hechos sean notorios.\n  <\/td><\/tr><tr><td>\n  2)\n  <\/td><td>\n  (Proceso de tutela especial). La tutela especial proceder\u00e1 en caso de\n  actos discriminatorios contra:\n  <\/td><\/tr><\/tbody><\/table>\n\n\n\n<table class=\"wp-block-table\"><tbody><tr><td>\n  A)\n  <\/td><td>\n  Los miembros (titulares y suplentes) de los \u00f3rganos de direcci\u00f3n de una\n  organizaci\u00f3n sindical de cualquier nivel.\n  <\/td><\/tr><tr><td>\n  B)\n  <\/td><td>\n  Los delegados o representantes de los trabajadores en \u00f3rganos bipartitos\n  o tripartitos.\n  <\/td><\/tr><tr><td>\n  C)\n  <\/td><td>\n  Los representantes de los trabajadores en la negociaci\u00f3n colectiva.\n  <\/td><\/tr><tr><td>\n  D)\n  <\/td><td>\n  Los trabajadores que hubieran realizado actividades conducentes a constituir\n  un sindicato o la secci\u00f3n de un sindicato ya existente, hasta un a\u00f1o despu\u00e9s\n  de la constituci\u00f3n de la organizaci\u00f3n sindical.\n  <\/td><\/tr><tr><td>\n  E)\n  <\/td><td>\n  Los trabajadores a los que se conceda tutela especial mediante\n  negociaci\u00f3n colectiva.\n  <\/td><\/tr><\/tbody><\/table>\n\n\n\n<p>En estos casos, se\naplicar\u00e1 el procedimiento y los plazos establecidos para la acci\u00f3n de amparo\n(art\u00edculos&nbsp;4\u00ba a 10 de la&nbsp;<a href=\"https:\/\/legislativo.parlamento.gub.uy\/temporales\/aresuelveref.aspx?LEY,16011\/art4\/HTM\">Ley N\u00ba&nbsp;16.011<\/a>, de 19 de diciembre de\n1988), con independencia de la existencia de otros medios jur\u00eddicos de\nprotecci\u00f3n.<\/p>\n\n\n\n<p>El trabajador deber\u00e1\nfundamentar por qu\u00e9 sostiene que fue despedido o perjudicado por razones\nsindicales.<\/p>\n\n\n\n<p>Corresponder\u00e1 al\nempleador, debidamente notificado del contenido de la pretensi\u00f3n de amparo, probar\nla existencia de una causa razonable, relacionada con la capacidad o conducta\ndel trabajador, o basada en las necesidades de la empresa, establecimiento o\nservicio, u otra de entidad suficiente para justificar la decisi\u00f3n adoptada.<\/p>\n\n\n\n<p><a>Art\u00edculo&nbsp;3\u00ba<\/a>.&nbsp;(Disposiciones comunes a ambos procedimientos):<\/p>\n\n\n\n<table class=\"wp-block-table\"><tbody><tr><td>\n  A)\n  <\/td><td>\n  En todo caso que la sentencia a recaer constate la violaci\u00f3n a cualquiera\n  de las garant\u00edas prescritas en el&nbsp;<a href=\"https:\/\/legislativo.parlamento.gub.uy\/temporales\/leytemp6774227.htm#arta1\">art\u00edculo&nbsp;1\u00ba<\/a>&nbsp;de la presente\n  ley, se dispondr\u00e1 la efectiva reinstalaci\u00f3n o reposici\u00f3n del trabajador\n  despedido o discriminado, gener\u00e1ndose en consecuencia a favor de \u00e9ste el\n  derecho a percibir la totalidad de los jornales que le hubiere correspondido\n  cobrar durante el per\u00edodo que insuma el proceso de reinstalaci\u00f3n y hasta que\n  \u00e9sta se efectivice.\n  <\/td><\/tr><tr><td>\n  B)\n  <\/td><td>\n  En los procedimientos a que refiere el&nbsp;<a href=\"https:\/\/legislativo.parlamento.gub.uy\/temporales\/leytemp6774227.htm#arta2\">art\u00edculo&nbsp;2\u00ba<\/a>&nbsp;de la presente\n  ley, la legitimaci\u00f3n activa corresponder\u00e1 al trabajador actuando\n  conjuntamente con su organizaci\u00f3n sindical.\n  <\/td><\/tr><tr><td>\n  C)\n  <\/td><td>\n  El proceso se ajustar\u00e1 a los principios de celeridad, gratuidad,\n  inmediaci\u00f3n, concentraci\u00f3n, publicidad, buena fe y efectividad de la tutela\n  de los derechos sustanciales.\n  <\/td><\/tr><tr><td>\n  D)\n  <\/td><td>\n  Ser\u00e1n competentes los tribunales que, en su respectiva jurisdicci\u00f3n,\n  entiendan en materia laboral.\n  <\/td><\/tr><tr><td>\n  E)\n  <\/td><td>\n  El tribunal dispondr\u00e1 de las facultades previstas en los numerales 3\u00ba y\n  5\u00ba del art\u00edculo&nbsp;350 del&nbsp;<a href=\"https:\/\/legislativo.parlamento.gub.uy\/temporales\/aresuelveref.aspx?CODIGOS,codigogeneralproceso\/2001\/2\/art350\/HTM\/%27\/htmlstat\/pl\/codigos\/codigogeneralproceso\/2001-2\/cod_generalproceso.htm#art350'\">C\u00f3digo General del Proceso<\/a>\n  <\/td><\/tr><tr><td>\n  F)\n  <\/td><td>\n  Las sanciones o conminaciones pecuniarias previstas en el\n  art\u00edculo&nbsp;374 del&nbsp;<a href=\"https:\/\/legislativo.parlamento.gub.uy\/temporales\/aresuelveref.aspx?CODIGOS,codigogeneralproceso\/2001\/2\/art374\/HTM\/%27\/htmlstat\/pl\/codigos\/codigogeneralproceso\/2001-2\/cod_generalproceso.htm#art374'\">C\u00f3digo General del Proceso<\/a>, ser\u00e1n independientes\n  del derecho a obtener el resarcimiento del da\u00f1o y su producido beneficiar\u00e1 a\n  la parte actora.\n  <\/td><\/tr><tr><td>\n  G)\n  <\/td><td>\n  La parte demandante estar\u00e1 exonerada del pago de tributos y costas.\n  <\/td><\/tr><\/tbody><\/table>\n\n\n\n<p><a>Art\u00edculo&nbsp;4\u00ba<\/a>.&nbsp;(Licencia sindical).- Se reconoce el derecho a\ngozar de tiempo libre remunerado para el ejercicio de la actividad sindical. El\nejercicio de este derecho ser\u00e1 reglamentado por el Consejo de Salarios\nrespectivo o, en su caso, mediante convenio colectivo.<\/p>\n\n\n\n<p><a>Art\u00edculo&nbsp;5\u00ba<\/a>.&nbsp;(Sanciones administrativas).- El producido de\nla multa que aplique la Inspecci\u00f3n General del Trabajo, por la infracci\u00f3n a las\ndisposiciones de la presente ley, deber\u00e1 destinarse a la implementaci\u00f3n de la\nley y a programas a cargo del Ministerio de Trabajo y Seguridad Social,\norientados a la erradicaci\u00f3n del trabajo infantil, a la no discriminaci\u00f3n en el\nempleo, a la formaci\u00f3n profesional asociada a la generaci\u00f3n de trabajo y al\nfortalecimiento de la Inspecci\u00f3n General del Trabajo.<\/p>\n\n\n\n<p><a>Art\u00edculo&nbsp;6\u00ba<\/a>.&nbsp;(Retenci\u00f3n de la cuota sindical).- Los\ntrabajadores afiliados a una organizaci\u00f3n sindical tendr\u00e1n derecho a que se\nretenga su cuota sindical sobre los salarios que el empleador abone, debiendo\nmanifestar su consentimiento por escrito en forma previa.<\/p>\n\n\n\n<p>El monto a descontar\nser\u00e1 fijado por el sindicato y comunicado, fehacientemente, a la empresa o\ninstituci\u00f3n, la que verter\u00e1 a la organizaci\u00f3n los montos resultantes en un\nplazo perentorio a partir del efectivo pago del mes en curso.<\/p>\n\n\n\n<p><a>Art\u00edculo&nbsp;7\u00ba<\/a>.&nbsp;(Orden de retenci\u00f3n).- Agr\u00e9gase al\nart\u00edculo&nbsp;1\u00ba de la&nbsp;<a href=\"https:\/\/legislativo.parlamento.gub.uy\/temporales\/aresuelveref.aspx?LEY,17829\/\/HTM\">Ley N\u00ba&nbsp;17.829<\/a>, de 18 de setiembre de\n2004, el siguiente inciso:<\/p>\n\n\n\n<table class=\"wp-block-table\"><tbody><tr><td>\n  \u00abLa cuota sindical se ubicar\u00e1, en el orden de prioridades,\n  inmediatamente despu\u00e9s de las retenciones solicitadas por el Servicio de\n  Garant\u00eda de Alquileres de la Contadur\u00eda General de la Naci\u00f3n u otras\n  entidades habilitadas al efecto\u00bb.\n  <\/td><\/tr><\/tbody><\/table>\n\n\n\n<p><a>Art\u00edculo&nbsp;8\u00ba<\/a>.&nbsp;(Facilidades para el ejercicio de la actividad\nsindical).- Los representantes de los trabajadores, que act\u00faen en nombre de un\nsindicato, tendr\u00e1n derecho a colocar avisos sindicales en los locales de la\nempresa en lugar o lugares fijados de acuerdo con la direcci\u00f3n de la misma y a\nlos que los trabajadores tengan f\u00e1cil acceso.<\/p>\n\n\n\n<p>La direcci\u00f3n de la\nempresa permitir\u00e1 a los representantes de los trabajadores que act\u00faen en nombre\nde un sindicato, que distribuyan boletines, folletos, publicaciones y otros\ndocumentos del sindicato entre los trabajadores de la empresa. Los avisos y\ndocumentos a que se hace referencia deber\u00e1n relacionarse con las actividades\nsindicales normales, y su colocaci\u00f3n y distribuci\u00f3n no deber\u00e1n perjudicar el\nnormal funcionamiento de la empresa ni el buen aspecto de los locales.<\/p>\n\n\n\n<p><a>Art\u00edculo&nbsp;9\u00ba<\/a>.&nbsp;(Tripartismo).- Com\u00e9tese al Ministerio de\nTrabajo y Seguridad Social, la instrumentaci\u00f3n de mecanismos tripartitos con\nfines de consulta, contralor y seguimiento de la aplicaci\u00f3n de la presente ley.<\/p>\n\n\n\n<p><a>Art\u00edculo&nbsp;10<\/a>.&nbsp;(Reglamentaci\u00f3n).- Las disposiciones que\nanteceden no dejar\u00e1n de aplicarse por falta de reglamentaci\u00f3n, sin perjuicio de\nlo cual el Ministerio de Trabajo y Seguridad Social dispondr\u00e1 de un plazo de\nsesenta d\u00edas a tales efectos.<\/p>\n\n\n\n<p><a>Art\u00edculo&nbsp;11<\/a>.&nbsp;(Vigencia).- La presente ley entrar\u00e1 en\nvigencia a partir de su promulgaci\u00f3n por el Poder Ejecutivo.<\/p>\n\n\n\n<p>&nbsp;&nbsp;&nbsp;&nbsp;Sala\nde Sesiones de la C\u00e1mara de Representantes, en Montevideo, a 22 de diciembre de\n2005.<\/p>\n\n\n\n<p><strong>NORA CASTRO,<br>\nPresidenta.<br>\nMarti Dalgalarrondo A\u00f1\u00f3n,<br>\nSecretario.<\/strong><\/p>\n\n\n\n<p><strong>MINISTERIO DE TRABAJO Y SEGURIDAD SOCIAL<\/strong><\/p>\n\n\n\n<p><strong>Montevideo, 2 de enero\nde 2006.<\/strong><\/p>\n\n\n\n<p>C\u00famplase, ac\u00fasese\nrecibo, comun\u00edquese, publ\u00edquese e ins\u00e9rtese en el Registro Nacional de Leyes y\nDecretos.<\/p>\n\n\n\n<p><strong>Dr. TABAR\u00c9 V\u00c1ZQUEZ.<br>\nJORGE BRUNI.<\/strong><\/p>\n","protected":false},"excerpt":{"rendered":"<p>Ley N\u00ba 17.940 LIBERTAD SINDICAL NORMAS PARA SU PROTECCI\u00d3N El Senado y la C\u00e1mara de Representantes de la Rep\u00fablica Oriental del Uruguay, reunidos en Asamblea General, DECRETAN: Art\u00edculo&nbsp;1\u00ba.-&nbsp;(Nulidad de los actos discriminatorios).- Decl\u00e1rase que, de conformidad con el&nbsp;art\u00edculo&nbsp;57 de la Constituci\u00f3n de la Rep\u00fablica, con el art\u00edculo&nbsp;1\u00ba del&nbsp;Convenio&nbsp;Internacional del Trabajo N\u00ba&nbsp;98 (sobre el derecho de [&hellip;]<\/p>\n","protected":false},"author":1,"featured_media":510,"comment_status":"open","ping_status":"open","sticky":false,"template":"","format":"standard","meta":{"footnotes":""},"categories":[1],"tags":[],"class_list":["post-914","post","type-post","status-publish","format-standard","has-post-thumbnail","hentry","category-sin-categoria"],"_links":{"self":[{"href":"https:\/\/www.adeomrocha.com.uy\/index.php?rest_route=\/wp\/v2\/posts\/914","targetHints":{"allow":["GET"]}}],"collection":[{"href":"https:\/\/www.adeomrocha.com.uy\/index.php?rest_route=\/wp\/v2\/posts"}],"about":[{"href":"https:\/\/www.adeomrocha.com.uy\/index.php?rest_route=\/wp\/v2\/types\/post"}],"author":[{"embeddable":true,"href":"https:\/\/www.adeomrocha.com.uy\/index.php?rest_route=\/wp\/v2\/users\/1"}],"replies":[{"embeddable":true,"href":"https:\/\/www.adeomrocha.com.uy\/index.php?rest_route=%2Fwp%2Fv2%2Fcomments&post=914"}],"version-history":[{"count":1,"href":"https:\/\/www.adeomrocha.com.uy\/index.php?rest_route=\/wp\/v2\/posts\/914\/revisions"}],"predecessor-version":[{"id":915,"href":"https:\/\/www.adeomrocha.com.uy\/index.php?rest_route=\/wp\/v2\/posts\/914\/revisions\/915"}],"wp:featuredmedia":[{"embeddable":true,"href":"https:\/\/www.adeomrocha.com.uy\/index.php?rest_route=\/wp\/v2\/media\/510"}],"wp:attachment":[{"href":"https:\/\/www.adeomrocha.com.uy\/index.php?rest_route=%2Fwp%2Fv2%2Fmedia&parent=914"}],"wp:term":[{"taxonomy":"category","embeddable":true,"href":"https:\/\/www.adeomrocha.com.uy\/index.php?rest_route=%2Fwp%2Fv2%2Fcategories&post=914"},{"taxonomy":"post_tag","embeddable":true,"href":"https:\/\/www.adeomrocha.com.uy\/index.php?rest_route=%2Fwp%2Fv2%2Ftags&post=914"}],"curies":[{"name":"wp","href":"https:\/\/api.w.org\/{rel}","templated":true}]}}