{"id":740,"date":"2018-05-31T16:15:20","date_gmt":"2018-05-31T16:15:20","guid":{"rendered":"http:\/\/www.adeomrocha.com.uy\/?p=740"},"modified":"2018-05-31T16:15:20","modified_gmt":"2018-05-31T16:15:20","slug":"sobre-privatizacion-del-agua-ley-de-riego-y-recoleccion-de-firmas-para-su-derogacion","status":"publish","type":"post","link":"https:\/\/www.adeomrocha.com.uy\/?p=740","title":{"rendered":"Sobre Privatizaci\u00f3n del agua, Ley de Riego y recolecci\u00f3n de firmas para su derogaci\u00f3n"},"content":{"rendered":"<p style=\"text-align: center;\">ADEOM Rocha convoca a Conferencia de Prensa<\/p>\n<p style=\"text-align: center;\">Sobre Privatizaci\u00f3n del agua, Ley de Riego y recolecci\u00f3n de firmas para su derogaci\u00f3n<\/p>\n<p style=\"text-align: center;\">Participara Federaci\u00f3n nacional de FFOSE y representantes<\/p>\n<p style=\"text-align: center;\">De nuestro gremio.<\/p>\n<p style=\"text-align: center;\">Dicha conferencia se realizar\u00e1.<\/p>\n<p style=\"text-align: center;\">El d\u00eda de ma\u00f1ana viernes 1\u00ba de junio<\/p>\n<p style=\"text-align: center;\">HORA 10:00<\/p>\n<p style=\"text-align: center;\">LUGAR: SEDE DE ADEOM<\/p>\n<p style=\"text-align: center;\">ADEOM Rocha \u201cSolidaridad y Lucha\u201d \u2013 Agust\u00edn Peri Email: directiva@adeomrocha.com.uy \u2013 telefax. 44724667<\/p>\n<p>&nbsp;<\/p>\n<p><a href=\"http:\/\/www.adeomrocha.com.uy\/wp-content\/uploads\/2018\/05\/leyriego.jpg\"><img loading=\"lazy\" decoding=\"async\" class=\"size-medium wp-image-741 aligncenter\" src=\"http:\/\/www.adeomrocha.com.uy\/wp-content\/uploads\/2018\/05\/leyriego-300x173.jpg\" alt=\"\" width=\"300\" height=\"173\" srcset=\"https:\/\/www.adeomrocha.com.uy\/wp-content\/uploads\/2018\/05\/leyriego-300x173.jpg 300w, https:\/\/www.adeomrocha.com.uy\/wp-content\/uploads\/2018\/05\/leyriego-210x121.jpg 210w, https:\/\/www.adeomrocha.com.uy\/wp-content\/uploads\/2018\/05\/leyriego.jpg 640w\" sizes=\"auto, (max-width: 300px) 100vw, 300px\" \/><\/a><\/p>\n","protected":false},"excerpt":{"rendered":"<p>ADEOM Rocha convoca a Conferencia de Prensa Sobre Privatizaci\u00f3n del agua, Ley de Riego y recolecci\u00f3n de firmas para su derogaci\u00f3n Participara Federaci\u00f3n nacional de FFOSE y representantes De nuestro gremio. Dicha conferencia se realizar\u00e1. El d\u00eda de ma\u00f1ana viernes 1\u00ba de junio HORA 10:00 LUGAR: SEDE DE ADEOM ADEOM Rocha \u201cSolidaridad y Lucha\u201d \u2013 [&hellip;]<\/p>\n","protected":false},"author":1,"featured_media":741,"comment_status":"open","ping_status":"open","sticky":false,"template":"","format":"standard","meta":{"footnotes":""},"categories":[1],"tags":[],"class_list":["post-740","post","type-post","status-publish","format-standard","has-post-thumbnail","hentry","category-sin-categoria"],"_links":{"self":[{"href":"https:\/\/www.adeomrocha.com.uy\/index.php?rest_route=\/wp\/v2\/posts\/740","targetHints":{"allow":["GET"]}}],"collection":[{"href":"https:\/\/www.adeomrocha.com.uy\/index.php?rest_route=\/wp\/v2\/posts"}],"about":[{"href":"https:\/\/www.adeomrocha.com.uy\/index.php?rest_route=\/wp\/v2\/types\/post"}],"author":[{"embeddable":true,"href":"https:\/\/www.adeomrocha.com.uy\/index.php?rest_route=\/wp\/v2\/users\/1"}],"replies":[{"embeddable":true,"href":"https:\/\/www.adeomrocha.com.uy\/index.php?rest_route=%2Fwp%2Fv2%2Fcomments&post=740"}],"version-history":[{"count":1,"href":"https:\/\/www.adeomrocha.com.uy\/index.php?rest_route=\/wp\/v2\/posts\/740\/revisions"}],"predecessor-version":[{"id":742,"href":"https:\/\/www.adeomrocha.com.uy\/index.php?rest_route=\/wp\/v2\/posts\/740\/revisions\/742"}],"wp:featuredmedia":[{"embeddable":true,"href":"https:\/\/www.adeomrocha.com.uy\/index.php?rest_route=\/wp\/v2\/media\/741"}],"wp:attachment":[{"href":"https:\/\/www.adeomrocha.com.uy\/index.php?rest_route=%2Fwp%2Fv2%2Fmedia&parent=740"}],"wp:term":[{"taxonomy":"category","embeddable":true,"href":"https:\/\/www.adeomrocha.com.uy\/index.php?rest_route=%2Fwp%2Fv2%2Fcategories&post=740"},{"taxonomy":"post_tag","embeddable":true,"href":"https:\/\/www.adeomrocha.com.uy\/index.php?rest_route=%2Fwp%2Fv2%2Ftags&post=740"}],"curies":[{"name":"wp","href":"https:\/\/api.w.org\/{rel}","templated":true}]}}