{"id":734,"date":"2018-03-23T17:01:28","date_gmt":"2018-03-23T17:01:28","guid":{"rendered":"http:\/\/www.adeomrocha.com.uy\/?p=734"},"modified":"2018-03-23T17:01:28","modified_gmt":"2018-03-23T17:01:28","slug":"comision-de-presupuesto","status":"publish","type":"post","link":"https:\/\/www.adeomrocha.com.uy\/?p=734","title":{"rendered":"Comision de Presupuesto"},"content":{"rendered":"<p>Tenemos el agrado de informar que comenzaron a funcionar las sub comisiones del sindicato, arrim\u00e1ndose compa\u00f1eros a trabajar, hoy arranc\u00f3 la comisi\u00f3n de presupuesto, que tiene como objetivo elaborar las pautas por las cuales dar la lucha en esta ampliaci\u00f3n presupuestal 2018. La misma esta abierta para cualquier compa\u00f1ero que se quiera integrar. Convencidos de que tenemos que dar la lucha por mejoras salariales, en breve asambleas informando los pasos a seguir.<\/p>\n<p><a href=\"http:\/\/www.adeomrocha.com.uy\/wp-content\/uploads\/2018\/03\/29261065_813366412204690_3009222119583121408_o.jpg\"><img loading=\"lazy\" decoding=\"async\" class=\"alignnone size-medium wp-image-735\" src=\"http:\/\/www.adeomrocha.com.uy\/wp-content\/uploads\/2018\/03\/29261065_813366412204690_3009222119583121408_o-300x225.jpg\" alt=\"\" width=\"300\" height=\"225\" srcset=\"https:\/\/www.adeomrocha.com.uy\/wp-content\/uploads\/2018\/03\/29261065_813366412204690_3009222119583121408_o-300x225.jpg 300w, https:\/\/www.adeomrocha.com.uy\/wp-content\/uploads\/2018\/03\/29261065_813366412204690_3009222119583121408_o-768x576.jpg 768w, https:\/\/www.adeomrocha.com.uy\/wp-content\/uploads\/2018\/03\/29261065_813366412204690_3009222119583121408_o-1024x768.jpg 1024w, https:\/\/www.adeomrocha.com.uy\/wp-content\/uploads\/2018\/03\/29261065_813366412204690_3009222119583121408_o-210x158.jpg 210w, https:\/\/www.adeomrocha.com.uy\/wp-content\/uploads\/2018\/03\/29261065_813366412204690_3009222119583121408_o.jpg 1288w\" sizes=\"auto, (max-width: 300px) 100vw, 300px\" \/><\/a><\/p>\n","protected":false},"excerpt":{"rendered":"<p>Tenemos el agrado de informar que comenzaron a funcionar las sub comisiones del sindicato, arrim\u00e1ndose compa\u00f1eros a trabajar, hoy arranc\u00f3 la comisi\u00f3n de presupuesto, que tiene como objetivo elaborar las pautas por las cuales dar la lucha en esta ampliaci\u00f3n presupuestal 2018. La misma esta abierta para cualquier compa\u00f1ero que se quiera integrar. Convencidos de [&hellip;]<\/p>\n","protected":false},"author":1,"featured_media":735,"comment_status":"open","ping_status":"open","sticky":false,"template":"","format":"standard","meta":{"footnotes":""},"categories":[1],"tags":[],"class_list":["post-734","post","type-post","status-publish","format-standard","has-post-thumbnail","hentry","category-sin-categoria"],"_links":{"self":[{"href":"https:\/\/www.adeomrocha.com.uy\/index.php?rest_route=\/wp\/v2\/posts\/734","targetHints":{"allow":["GET"]}}],"collection":[{"href":"https:\/\/www.adeomrocha.com.uy\/index.php?rest_route=\/wp\/v2\/posts"}],"about":[{"href":"https:\/\/www.adeomrocha.com.uy\/index.php?rest_route=\/wp\/v2\/types\/post"}],"author":[{"embeddable":true,"href":"https:\/\/www.adeomrocha.com.uy\/index.php?rest_route=\/wp\/v2\/users\/1"}],"replies":[{"embeddable":true,"href":"https:\/\/www.adeomrocha.com.uy\/index.php?rest_route=%2Fwp%2Fv2%2Fcomments&post=734"}],"version-history":[{"count":1,"href":"https:\/\/www.adeomrocha.com.uy\/index.php?rest_route=\/wp\/v2\/posts\/734\/revisions"}],"predecessor-version":[{"id":736,"href":"https:\/\/www.adeomrocha.com.uy\/index.php?rest_route=\/wp\/v2\/posts\/734\/revisions\/736"}],"wp:featuredmedia":[{"embeddable":true,"href":"https:\/\/www.adeomrocha.com.uy\/index.php?rest_route=\/wp\/v2\/media\/735"}],"wp:attachment":[{"href":"https:\/\/www.adeomrocha.com.uy\/index.php?rest_route=%2Fwp%2Fv2%2Fmedia&parent=734"}],"wp:term":[{"taxonomy":"category","embeddable":true,"href":"https:\/\/www.adeomrocha.com.uy\/index.php?rest_route=%2Fwp%2Fv2%2Fcategories&post=734"},{"taxonomy":"post_tag","embeddable":true,"href":"https:\/\/www.adeomrocha.com.uy\/index.php?rest_route=%2Fwp%2Fv2%2Ftags&post=734"}],"curies":[{"name":"wp","href":"https:\/\/api.w.org\/{rel}","templated":true}]}}