{"id":605,"date":"2017-02-02T04:38:26","date_gmt":"2017-02-02T04:38:26","guid":{"rendered":"http:\/\/www.adeomrocha.com.uy\/?p=605"},"modified":"2017-02-02T05:11:50","modified_gmt":"2017-02-02T05:11:50","slug":"nueva-directiva-de-adeom-rocha","status":"publish","type":"post","link":"https:\/\/www.adeomrocha.com.uy\/?p=605","title":{"rendered":"Nueva Directiva de ADEOM ROCHA"},"content":{"rendered":"<p>Rocha,24 de Enero de 2017.<\/p>\n<p>&nbsp;<\/p>\n<p>Luego de realizada las elecciones de ADEOM y habiendo hecho la distribuci\u00f3n de cargos correspondientes. La Directiva queda formada de la siguiente manera:<\/p>\n<p>Presidente: <strong>Andr\u00e9s de los Santos<\/strong><\/p>\n<p>Vicepresidente: Marcelo Guerra<\/p>\n<p>Secretario: Guillermo Mier<\/p>\n<p>Prosecretario: Silvia Sosa<\/p>\n<p>Tesorero: N\u00e9stor De Le\u00f3n<\/p>\n<p>Protesorero: Martin Vigo<\/p>\n<p>1\u00ba Vocal: Gerardo Perdig\u00f3n<\/p>\n<p>2\u00ba Vocal: Jorge Nogueira<\/p>\n<p>3\u00ba Vocal: Sonibet Puig<\/p>\n<p>4\u00ba Vocal: Mario Terra<\/p>\n<p>5\u00ba Vocal: Alejandro Santos<\/p>\n<p>&nbsp;<\/p>\n<p>Por ADEOM Rocha<\/p>\n<p>&nbsp;<\/p>\n<p>&nbsp;<\/p>\n<p>Andr\u00e9s De Los Santos\u00a0\u00a0\u00a0\u00a0\u00a0\u00a0\u00a0\u00a0\u00a0\u00a0\u00a0\u00a0\u00a0\u00a0\u00a0\u00a0\u00a0\u00a0\u00a0\u00a0\u00a0\u00a0\u00a0\u00a0\u00a0\u00a0\u00a0\u00a0\u00a0\u00a0\u00a0\u00a0\u00a0\u00a0\u00a0\u00a0\u00a0\u00a0\u00a0\u00a0\u00a0 Fernando De Leon<\/p>\n<p>Presidente\u00a0\u00a0\u00a0\u00a0\u00a0\u00a0\u00a0\u00a0\u00a0 \u00a0\u00a0\u00a0\u00a0\u00a0\u00a0\u00a0\u00a0\u00a0\u00a0\u00a0\u00a0\u00a0\u00a0\u00a0\u00a0\u00a0\u00a0\u00a0\u00a0\u00a0\u00a0\u00a0\u00a0\u00a0\u00a0\u00a0\u00a0\u00a0\u00a0\u00a0\u00a0\u00a0\u00a0\u00a0\u00a0\u00a0\u00a0\u00a0 \u00a0\u00a0\u00a0\u00a0\u00a0\u00a0\u00a0\u00a0\u00a0\u00a0\u00a0\u00a0\u00a0\u00a0\u00a0\u00a0Secretario<\/p>\n<p>&nbsp;<\/p>\n<p>ADEOM Rocha \u201cSolidaridad y Lucha\u201d \u2013 Agust\u00edn Peri<\/p>\n<p>Email: <a href=\"mailto:directiva@adeomrocha.com.uy\">directiva@adeomrocha.com.uy<\/a>\u00a0\u00a0 \u2013 Telefax. 44724667<\/p>\n<p><a href=\"http:\/\/www.adeomrocha.com.uy\/wp-content\/uploads\/2015\/10\/DSC_4154.jpg\"><img loading=\"lazy\" decoding=\"async\" class=\"alignnone size-medium wp-image-371\" src=\"http:\/\/www.adeomrocha.com.uy\/wp-content\/uploads\/2015\/10\/DSC_4154-300x200.jpg\" alt=\"\" width=\"300\" height=\"200\" srcset=\"https:\/\/www.adeomrocha.com.uy\/wp-content\/uploads\/2015\/10\/DSC_4154-300x200.jpg 300w, https:\/\/www.adeomrocha.com.uy\/wp-content\/uploads\/2015\/10\/DSC_4154-1024x683.jpg 1024w, https:\/\/www.adeomrocha.com.uy\/wp-content\/uploads\/2015\/10\/DSC_4154-210x140.jpg 210w\" sizes=\"auto, (max-width: 300px) 100vw, 300px\" \/><\/a><\/p>\n","protected":false},"excerpt":{"rendered":"<p>Rocha,24 de Enero de 2017. &nbsp; Luego de realizada las elecciones de ADEOM y habiendo hecho la distribuci\u00f3n de cargos correspondientes. La Directiva queda formada de la siguiente manera: Presidente: Andr\u00e9s de los Santos Vicepresidente: Marcelo Guerra Secretario: Guillermo Mier Prosecretario: Silvia Sosa Tesorero: N\u00e9stor De Le\u00f3n Protesorero: Martin Vigo 1\u00ba Vocal: Gerardo Perdig\u00f3n 2\u00ba [&hellip;]<\/p>\n","protected":false},"author":1,"featured_media":371,"comment_status":"open","ping_status":"open","sticky":false,"template":"","format":"standard","meta":{"footnotes":""},"categories":[1],"tags":[],"class_list":["post-605","post","type-post","status-publish","format-standard","has-post-thumbnail","hentry","category-sin-categoria"],"_links":{"self":[{"href":"https:\/\/www.adeomrocha.com.uy\/index.php?rest_route=\/wp\/v2\/posts\/605","targetHints":{"allow":["GET"]}}],"collection":[{"href":"https:\/\/www.adeomrocha.com.uy\/index.php?rest_route=\/wp\/v2\/posts"}],"about":[{"href":"https:\/\/www.adeomrocha.com.uy\/index.php?rest_route=\/wp\/v2\/types\/post"}],"author":[{"embeddable":true,"href":"https:\/\/www.adeomrocha.com.uy\/index.php?rest_route=\/wp\/v2\/users\/1"}],"replies":[{"embeddable":true,"href":"https:\/\/www.adeomrocha.com.uy\/index.php?rest_route=%2Fwp%2Fv2%2Fcomments&post=605"}],"version-history":[{"count":1,"href":"https:\/\/www.adeomrocha.com.uy\/index.php?rest_route=\/wp\/v2\/posts\/605\/revisions"}],"predecessor-version":[{"id":606,"href":"https:\/\/www.adeomrocha.com.uy\/index.php?rest_route=\/wp\/v2\/posts\/605\/revisions\/606"}],"wp:featuredmedia":[{"embeddable":true,"href":"https:\/\/www.adeomrocha.com.uy\/index.php?rest_route=\/wp\/v2\/media\/371"}],"wp:attachment":[{"href":"https:\/\/www.adeomrocha.com.uy\/index.php?rest_route=%2Fwp%2Fv2%2Fmedia&parent=605"}],"wp:term":[{"taxonomy":"category","embeddable":true,"href":"https:\/\/www.adeomrocha.com.uy\/index.php?rest_route=%2Fwp%2Fv2%2Fcategories&post=605"},{"taxonomy":"post_tag","embeddable":true,"href":"https:\/\/www.adeomrocha.com.uy\/index.php?rest_route=%2Fwp%2Fv2%2Ftags&post=605"}],"curies":[{"name":"wp","href":"https:\/\/api.w.org\/{rel}","templated":true}]}}