{"id":597,"date":"2016-12-01T14:15:32","date_gmt":"2016-12-01T14:15:32","guid":{"rendered":"http:\/\/www.adeomrocha.com.uy\/?p=597"},"modified":"2016-12-01T14:15:32","modified_gmt":"2016-12-01T14:15:32","slug":"saludo-a-los-companeros-de-adeom-rocha","status":"publish","type":"post","link":"https:\/\/www.adeomrocha.com.uy\/?p=597","title":{"rendered":"Saludo a los compa\u00f1eros de Adeom Rocha"},"content":{"rendered":"<p class=\"x_MsoNormal\"><b><i>La Lista N\u00ba1 \u201cCRECEMOS JUNTOS\u201d, DE ADEOM ROCHA<\/i><\/b>, a trav\u00e9s de sus representantes Andr\u00e9s de los Santos y Fernando De Le\u00f3n,\u00a0 agradecen a todos los compa\u00f1eros que nos acompa\u00f1aron en estas elecciones; \u00a0trabajando como delegados, delegados sectoriales, delegados locales,\u00a0 delegados de mesa electoral \u00a0y\u00a0 a todos aquellos que confiaron en nuestro equipo para que nos represente una vez m\u00e1s en nuestro sindicato.<\/p>\n<p class=\"x_MsoNormal\">CRECEMOS JUNTOS es una organizaci\u00f3n de trabajadores en la cual nos identifica y nos une\u00a0 una forma de ser, una forma de sentir, y de actuar, buscando siempre el pluralismo con un amplio y diverso espectro de personas que la integran.<\/p>\n<p class=\"x_MsoNormal\">Resaltando valores de solidaridad y cooperaci\u00f3n con una constante preocupaci\u00f3n en la b\u00fasqueda de alternativas que lleven\u00a0 al conjunto de los trabajadores municipales a mejorar su condici\u00f3n socioecon\u00f3mica.<\/p>\n<p class=\"x_MsoNormal\">Como organizaci\u00f3n seguiremos fortaleci\u00e9ndonos desde la participaci\u00f3n en los temas sociales, involucr\u00e1ndonos cada d\u00eda m\u00e1s con cada sector de los\u00a0 trabajadores municipales como forma de ir incorporando\u00a0 una mayor capacidad de an\u00e1lisis, de debate, de informaci\u00f3n y capacitaci\u00f3n. Seguiremos reivindic\u00e1ndonos en nuestra sociedad,\u00a0 en todos los \u00f3rganos correspondientes, \u00a0reclamando y denunciando todas aquellas situaciones que as\u00ed lo ameriten, defendiendo nuestros derechos sin ning\u00fan compromiso pol\u00edtico partidario, luchando por los sin voz, resaltando cada d\u00eda este compromiso asumido con uds y con nuestra familia municipal.<\/p>\n<p class=\"x_MsoNormal\">A todos nuestro m\u00e1s sincero \u00a0agradecimiento y un saludo fraterno.<\/p>\n<p class=\"x_MsoNormal\">\n<p class=\"x_MsoNormal\"><a href=\"http:\/\/www.adeomrocha.com.uy\/wp-content\/uploads\/2016\/12\/14372418_1235767356465514_51898290425516570_o.jpg\"><img loading=\"lazy\" decoding=\"async\" class=\"alignnone size-medium wp-image-599\" src=\"http:\/\/www.adeomrocha.com.uy\/wp-content\/uploads\/2016\/12\/14372418_1235767356465514_51898290425516570_o-300x300.jpg\" alt=\"14372418_1235767356465514_51898290425516570_o\" width=\"300\" height=\"300\" srcset=\"https:\/\/www.adeomrocha.com.uy\/wp-content\/uploads\/2016\/12\/14372418_1235767356465514_51898290425516570_o-300x300.jpg 300w, https:\/\/www.adeomrocha.com.uy\/wp-content\/uploads\/2016\/12\/14372418_1235767356465514_51898290425516570_o-150x150.jpg 150w, https:\/\/www.adeomrocha.com.uy\/wp-content\/uploads\/2016\/12\/14372418_1235767356465514_51898290425516570_o-768x768.jpg 768w, https:\/\/www.adeomrocha.com.uy\/wp-content\/uploads\/2016\/12\/14372418_1235767356465514_51898290425516570_o-210x210.jpg 210w, https:\/\/www.adeomrocha.com.uy\/wp-content\/uploads\/2016\/12\/14372418_1235767356465514_51898290425516570_o.jpg 1020w\" sizes=\"auto, (max-width: 300px) 100vw, 300px\" \/><\/a><\/p>\n","protected":false},"excerpt":{"rendered":"<p>La Lista N\u00ba1 \u201cCRECEMOS JUNTOS\u201d, DE ADEOM ROCHA, a trav\u00e9s de sus representantes Andr\u00e9s de los Santos y Fernando De Le\u00f3n,\u00a0 agradecen a todos los compa\u00f1eros que nos acompa\u00f1aron en estas elecciones; \u00a0trabajando como delegados, delegados sectoriales, delegados locales,\u00a0 delegados de mesa electoral \u00a0y\u00a0 a todos aquellos que confiaron en nuestro equipo para que nos [&hellip;]<\/p>\n","protected":false},"author":1,"featured_media":599,"comment_status":"open","ping_status":"open","sticky":false,"template":"","format":"standard","meta":{"footnotes":""},"categories":[1],"tags":[],"class_list":["post-597","post","type-post","status-publish","format-standard","has-post-thumbnail","hentry","category-sin-categoria"],"_links":{"self":[{"href":"https:\/\/www.adeomrocha.com.uy\/index.php?rest_route=\/wp\/v2\/posts\/597","targetHints":{"allow":["GET"]}}],"collection":[{"href":"https:\/\/www.adeomrocha.com.uy\/index.php?rest_route=\/wp\/v2\/posts"}],"about":[{"href":"https:\/\/www.adeomrocha.com.uy\/index.php?rest_route=\/wp\/v2\/types\/post"}],"author":[{"embeddable":true,"href":"https:\/\/www.adeomrocha.com.uy\/index.php?rest_route=\/wp\/v2\/users\/1"}],"replies":[{"embeddable":true,"href":"https:\/\/www.adeomrocha.com.uy\/index.php?rest_route=%2Fwp%2Fv2%2Fcomments&post=597"}],"version-history":[{"count":1,"href":"https:\/\/www.adeomrocha.com.uy\/index.php?rest_route=\/wp\/v2\/posts\/597\/revisions"}],"predecessor-version":[{"id":600,"href":"https:\/\/www.adeomrocha.com.uy\/index.php?rest_route=\/wp\/v2\/posts\/597\/revisions\/600"}],"wp:featuredmedia":[{"embeddable":true,"href":"https:\/\/www.adeomrocha.com.uy\/index.php?rest_route=\/wp\/v2\/media\/599"}],"wp:attachment":[{"href":"https:\/\/www.adeomrocha.com.uy\/index.php?rest_route=%2Fwp%2Fv2%2Fmedia&parent=597"}],"wp:term":[{"taxonomy":"category","embeddable":true,"href":"https:\/\/www.adeomrocha.com.uy\/index.php?rest_route=%2Fwp%2Fv2%2Fcategories&post=597"},{"taxonomy":"post_tag","embeddable":true,"href":"https:\/\/www.adeomrocha.com.uy\/index.php?rest_route=%2Fwp%2Fv2%2Ftags&post=597"}],"curies":[{"name":"wp","href":"https:\/\/api.w.org\/{rel}","templated":true}]}}