{"id":578,"date":"2016-11-07T01:53:02","date_gmt":"2016-11-07T01:53:02","guid":{"rendered":"http:\/\/www.adeomrocha.com.uy\/?p=578"},"modified":"2016-11-07T01:53:02","modified_gmt":"2016-11-07T01:53:02","slug":"comunicado-tribunal-calificador","status":"publish","type":"post","link":"https:\/\/www.adeomrocha.com.uy\/?p=578","title":{"rendered":"Comunicado: Tribunal Calificador"},"content":{"rendered":"<p>Adeom Rocha en el marco de la elecci\u00f3n del representante de los trabajadores en el tribunal calificador, convoca e invita a todos los funcionarios que quieran participar de la apertura de las urnas ante escribano p\u00fablico este pr\u00f3ximo mi\u00e9rcoles 09 13hs en sede Adeom.<br \/>\nDejamos constancia que el plazo para votar vence el lunes 07, quienes aun no hayan votado podr\u00e1n hacerlo en sede Adeom en horario de 08:00 a 16:00 Hs.<\/p>\n<p style=\"text-align: center;\">ANDRES DE LOS SANTOS \u00a0 \u00a0 \u00a0 \u00a0 \u00a0 \u00a0 \u00a0 \u00a0 \u00a0 \u00a0 \u00a0 \u00a0 \u00a0 \u00a0 \u00a0 \u00a0 \u00a0 \u00a0 \u00a0 \u00a0 \u00a0 \u00a0 \u00a0 \u00a0 \u00a0 \u00a0 \u00a0 \u00a0 FERNANDO DE LEON<br \/>\nPRESIDENTE \u00a0 \u00a0 \u00a0 \u00a0 \u00a0 \u00a0 \u00a0 \u00a0 \u00a0 \u00a0 \u00a0 \u00a0 \u00a0 \u00a0 \u00a0 \u00a0 \u00a0 \u00a0 \u00a0 \u00a0 \u00a0 \u00a0 \u00a0 \u00a0 \u00a0 \u00a0 \u00a0 \u00a0 \u00a0 \u00a0 \u00a0 \u00a0 \u00a0 \u00a0 \u00a0 \u00a0 \u00a0 \u00a0 SECRETARIO<\/p>\n<p style=\"text-align: center;\">\n<p style=\"text-align: center;\"><a href=\"http:\/\/www.adeomrocha.com.uy\/wp-content\/uploads\/2013\/10\/Imagen-198.jpg\"><img loading=\"lazy\" decoding=\"async\" class=\"alignnone size-medium wp-image-13\" src=\"http:\/\/www.adeomrocha.com.uy\/wp-content\/uploads\/2013\/10\/Imagen-198-300x199.jpg\" alt=\"Imagen 198\" width=\"300\" height=\"199\" srcset=\"https:\/\/www.adeomrocha.com.uy\/wp-content\/uploads\/2013\/10\/Imagen-198-300x199.jpg 300w, https:\/\/www.adeomrocha.com.uy\/wp-content\/uploads\/2013\/10\/Imagen-198-1024x682.jpg 1024w, https:\/\/www.adeomrocha.com.uy\/wp-content\/uploads\/2013\/10\/Imagen-198-210x139.jpg 210w\" sizes=\"auto, (max-width: 300px) 100vw, 300px\" \/><\/a><\/p>\n","protected":false},"excerpt":{"rendered":"<p>Adeom Rocha en el marco de la elecci\u00f3n del representante de los trabajadores en el tribunal calificador, convoca e invita a todos los funcionarios que quieran participar de la apertura de las urnas ante escribano p\u00fablico este pr\u00f3ximo mi\u00e9rcoles 09 13hs en sede Adeom. Dejamos constancia que el plazo para votar vence el lunes 07, [&hellip;]<\/p>\n","protected":false},"author":1,"featured_media":579,"comment_status":"open","ping_status":"open","sticky":false,"template":"","format":"standard","meta":{"footnotes":""},"categories":[1],"tags":[],"class_list":["post-578","post","type-post","status-publish","format-standard","has-post-thumbnail","hentry","category-sin-categoria"],"_links":{"self":[{"href":"https:\/\/www.adeomrocha.com.uy\/index.php?rest_route=\/wp\/v2\/posts\/578","targetHints":{"allow":["GET"]}}],"collection":[{"href":"https:\/\/www.adeomrocha.com.uy\/index.php?rest_route=\/wp\/v2\/posts"}],"about":[{"href":"https:\/\/www.adeomrocha.com.uy\/index.php?rest_route=\/wp\/v2\/types\/post"}],"author":[{"embeddable":true,"href":"https:\/\/www.adeomrocha.com.uy\/index.php?rest_route=\/wp\/v2\/users\/1"}],"replies":[{"embeddable":true,"href":"https:\/\/www.adeomrocha.com.uy\/index.php?rest_route=%2Fwp%2Fv2%2Fcomments&post=578"}],"version-history":[{"count":1,"href":"https:\/\/www.adeomrocha.com.uy\/index.php?rest_route=\/wp\/v2\/posts\/578\/revisions"}],"predecessor-version":[{"id":580,"href":"https:\/\/www.adeomrocha.com.uy\/index.php?rest_route=\/wp\/v2\/posts\/578\/revisions\/580"}],"wp:featuredmedia":[{"embeddable":true,"href":"https:\/\/www.adeomrocha.com.uy\/index.php?rest_route=\/wp\/v2\/media\/579"}],"wp:attachment":[{"href":"https:\/\/www.adeomrocha.com.uy\/index.php?rest_route=%2Fwp%2Fv2%2Fmedia&parent=578"}],"wp:term":[{"taxonomy":"category","embeddable":true,"href":"https:\/\/www.adeomrocha.com.uy\/index.php?rest_route=%2Fwp%2Fv2%2Fcategories&post=578"},{"taxonomy":"post_tag","embeddable":true,"href":"https:\/\/www.adeomrocha.com.uy\/index.php?rest_route=%2Fwp%2Fv2%2Ftags&post=578"}],"curies":[{"name":"wp","href":"https:\/\/api.w.org\/{rel}","templated":true}]}}