{"id":566,"date":"2016-09-21T02:19:04","date_gmt":"2016-09-21T02:19:04","guid":{"rendered":"http:\/\/www.adeomrocha.com.uy\/?p=566"},"modified":"2016-09-21T02:19:25","modified_gmt":"2016-09-21T02:19:25","slug":"566","status":"publish","type":"post","link":"https:\/\/www.adeomrocha.com.uy\/?p=566","title":{"rendered":"\u201cPREVENCION DEL CONSUMO DE DROGAS\u201c"},"content":{"rendered":"<p>Participaci\u00f3n de Adeom Rocha en\u00a0 SEMINARIO de<\/p>\n<p>\u201cPREVENCION DEL CONSUMO\u00a0DE DROGAS \u201c<\/p>\n<p>PREVENCION DEL CONSUMO DE DROGAS DEL CONSUMO DE DROGAS EN<br \/>\nEL \u00c1MBITO LABORAL\u201d<\/p>\n<p>Martes 6 de setiembre 2016- Sal\u00f3n de Actos de Torre<br \/>\nEjecutiva.<br \/>\n<a href=\"http:\/\/www.adeomrocha.com.uy\/wp-content\/uploads\/2016\/09\/Foto-seminario.jpg\"><img loading=\"lazy\" decoding=\"async\" class=\"alignnone size-medium wp-image-567\" src=\"http:\/\/www.adeomrocha.com.uy\/wp-content\/uploads\/2016\/09\/Foto-seminario-300x169.jpg\" alt=\"foto-seminario\" width=\"300\" height=\"169\" srcset=\"https:\/\/www.adeomrocha.com.uy\/wp-content\/uploads\/2016\/09\/Foto-seminario-300x169.jpg 300w, https:\/\/www.adeomrocha.com.uy\/wp-content\/uploads\/2016\/09\/Foto-seminario-768x432.jpg 768w, https:\/\/www.adeomrocha.com.uy\/wp-content\/uploads\/2016\/09\/Foto-seminario-1024x576.jpg 1024w, https:\/\/www.adeomrocha.com.uy\/wp-content\/uploads\/2016\/09\/Foto-seminario-210x118.jpg 210w, https:\/\/www.adeomrocha.com.uy\/wp-content\/uploads\/2016\/09\/Foto-seminario.jpg 1032w\" sizes=\"auto, (max-width: 300px) 100vw, 300px\" \/><\/a><br \/>\nCoordinadores del Programa de Alcoholismo y drogadicci\u00f3n en el \u00e1mbito<br \/>\nlaboral Guillermo Mier y Graciela Altez junto a los t\u00e9cnicos Andrea<br \/>\nLoriente, Carla Francolino, Natalia S\u00e1nchez ,Coordinadora\u00a0 del<br \/>\nDepartamento de Salud Laboral del PIT-CNT, TRM\u00a0 del Programa Por<br \/>\nPit-Cnt Cecilia Miller\u00a0 y el representante de los trabajadores de<br \/>\nEspa\u00f1a Jos\u00e9 Rodr\u00edguez Vald\u00e9s<\/p>\n","protected":false},"excerpt":{"rendered":"<p>Participaci\u00f3n de Adeom Rocha en\u00a0 SEMINARIO de \u201cPREVENCION DEL CONSUMO\u00a0DE DROGAS \u201c PREVENCION DEL CONSUMO DE DROGAS DEL CONSUMO DE DROGAS EN EL \u00c1MBITO LABORAL\u201d Martes 6 de setiembre 2016- Sal\u00f3n de Actos de Torre Ejecutiva. Coordinadores del Programa de Alcoholismo y drogadicci\u00f3n en el \u00e1mbito laboral Guillermo Mier y Graciela Altez junto a los [&hellip;]<\/p>\n","protected":false},"author":1,"featured_media":567,"comment_status":"open","ping_status":"open","sticky":false,"template":"","format":"standard","meta":{"footnotes":""},"categories":[1],"tags":[],"class_list":["post-566","post","type-post","status-publish","format-standard","has-post-thumbnail","hentry","category-sin-categoria"],"_links":{"self":[{"href":"https:\/\/www.adeomrocha.com.uy\/index.php?rest_route=\/wp\/v2\/posts\/566","targetHints":{"allow":["GET"]}}],"collection":[{"href":"https:\/\/www.adeomrocha.com.uy\/index.php?rest_route=\/wp\/v2\/posts"}],"about":[{"href":"https:\/\/www.adeomrocha.com.uy\/index.php?rest_route=\/wp\/v2\/types\/post"}],"author":[{"embeddable":true,"href":"https:\/\/www.adeomrocha.com.uy\/index.php?rest_route=\/wp\/v2\/users\/1"}],"replies":[{"embeddable":true,"href":"https:\/\/www.adeomrocha.com.uy\/index.php?rest_route=%2Fwp%2Fv2%2Fcomments&post=566"}],"version-history":[{"count":2,"href":"https:\/\/www.adeomrocha.com.uy\/index.php?rest_route=\/wp\/v2\/posts\/566\/revisions"}],"predecessor-version":[{"id":569,"href":"https:\/\/www.adeomrocha.com.uy\/index.php?rest_route=\/wp\/v2\/posts\/566\/revisions\/569"}],"wp:featuredmedia":[{"embeddable":true,"href":"https:\/\/www.adeomrocha.com.uy\/index.php?rest_route=\/wp\/v2\/media\/567"}],"wp:attachment":[{"href":"https:\/\/www.adeomrocha.com.uy\/index.php?rest_route=%2Fwp%2Fv2%2Fmedia&parent=566"}],"wp:term":[{"taxonomy":"category","embeddable":true,"href":"https:\/\/www.adeomrocha.com.uy\/index.php?rest_route=%2Fwp%2Fv2%2Fcategories&post=566"},{"taxonomy":"post_tag","embeddable":true,"href":"https:\/\/www.adeomrocha.com.uy\/index.php?rest_route=%2Fwp%2Fv2%2Ftags&post=566"}],"curies":[{"name":"wp","href":"https:\/\/api.w.org\/{rel}","templated":true}]}}