{"id":535,"date":"2016-09-14T15:41:28","date_gmt":"2016-09-14T15:41:28","guid":{"rendered":"http:\/\/www.adeomrocha.com.uy\/?p=535"},"modified":"2016-09-14T15:41:28","modified_gmt":"2016-09-14T15:41:28","slug":"adeom-rocha-convoca-y-se-adhiere-al-paro-general","status":"publish","type":"post","link":"https:\/\/www.adeomrocha.com.uy\/?p=535","title":{"rendered":"ADEOM ROCHA convoca y se adhiere al paro general"},"content":{"rendered":"<p>ADEOM ROCHA convoca y se adhiere al paro general parcial decretado por la central de trabajadores para el d\u00eda jueves 15 en el horario de 09 a 13hs, por m\u00e1s salario, mas trabajo, mas inversi\u00f3n p\u00fablica, no a las AFAPS.<br \/>\nA nivel departamental nos adherimos impulsando nuestras reivindicaciones:<\/p>\n<p>1) Respeto a la Negociaci\u00f3n Colectiva cumpli\u00e9ndose los acuerdos logrados en las luchas de los trabajadores.<\/p>\n<p>2) Respeto a la carrera administrativa y que se contin\u00faen y profundicen los procesos en los concursos de funcionarios municipales como forma de minimizar los acomodos pol\u00edticos.<\/p>\n<p>3) Convocar a los compa\u00f1eros municipales para seguir cada d\u00eda m\u00e1s unidos y fortalecernos en nuestra lucha.<\/p>\n<p>ADEOM ROCHA.<\/p>\n<p><a href=\"http:\/\/www.adeomrocha.com.uy\/wp-content\/uploads\/2013\/11\/cumple-jose-6-039.jpg\" rel=\"attachment wp-att-132\"><img loading=\"lazy\" decoding=\"async\" class=\"alignnone size-medium wp-image-132\" src=\"http:\/\/www.adeomrocha.com.uy\/wp-content\/uploads\/2013\/11\/cumple-jose-6-039-300x225.jpg\" alt=\"cumple jose 6 039\" width=\"300\" height=\"225\" srcset=\"https:\/\/www.adeomrocha.com.uy\/wp-content\/uploads\/2013\/11\/cumple-jose-6-039-300x225.jpg 300w, https:\/\/www.adeomrocha.com.uy\/wp-content\/uploads\/2013\/11\/cumple-jose-6-039-1024x768.jpg 1024w, https:\/\/www.adeomrocha.com.uy\/wp-content\/uploads\/2013\/11\/cumple-jose-6-039-210x157.jpg 210w\" sizes=\"auto, (max-width: 300px) 100vw, 300px\" \/><\/a><\/p>\n","protected":false},"excerpt":{"rendered":"<p>ADEOM ROCHA convoca y se adhiere al paro general parcial decretado por la central de trabajadores para el d\u00eda jueves 15 en el horario de 09 a 13hs, por m\u00e1s salario, mas trabajo, mas inversi\u00f3n p\u00fablica, no a las AFAPS. A nivel departamental nos adherimos impulsando nuestras reivindicaciones: 1) Respeto a la Negociaci\u00f3n Colectiva cumpli\u00e9ndose [&hellip;]<\/p>\n","protected":false},"author":1,"featured_media":133,"comment_status":"open","ping_status":"open","sticky":false,"template":"","format":"standard","meta":{"footnotes":""},"categories":[1],"tags":[],"class_list":["post-535","post","type-post","status-publish","format-standard","has-post-thumbnail","hentry","category-sin-categoria"],"_links":{"self":[{"href":"https:\/\/www.adeomrocha.com.uy\/index.php?rest_route=\/wp\/v2\/posts\/535","targetHints":{"allow":["GET"]}}],"collection":[{"href":"https:\/\/www.adeomrocha.com.uy\/index.php?rest_route=\/wp\/v2\/posts"}],"about":[{"href":"https:\/\/www.adeomrocha.com.uy\/index.php?rest_route=\/wp\/v2\/types\/post"}],"author":[{"embeddable":true,"href":"https:\/\/www.adeomrocha.com.uy\/index.php?rest_route=\/wp\/v2\/users\/1"}],"replies":[{"embeddable":true,"href":"https:\/\/www.adeomrocha.com.uy\/index.php?rest_route=%2Fwp%2Fv2%2Fcomments&post=535"}],"version-history":[{"count":1,"href":"https:\/\/www.adeomrocha.com.uy\/index.php?rest_route=\/wp\/v2\/posts\/535\/revisions"}],"predecessor-version":[{"id":536,"href":"https:\/\/www.adeomrocha.com.uy\/index.php?rest_route=\/wp\/v2\/posts\/535\/revisions\/536"}],"wp:featuredmedia":[{"embeddable":true,"href":"https:\/\/www.adeomrocha.com.uy\/index.php?rest_route=\/wp\/v2\/media\/133"}],"wp:attachment":[{"href":"https:\/\/www.adeomrocha.com.uy\/index.php?rest_route=%2Fwp%2Fv2%2Fmedia&parent=535"}],"wp:term":[{"taxonomy":"category","embeddable":true,"href":"https:\/\/www.adeomrocha.com.uy\/index.php?rest_route=%2Fwp%2Fv2%2Fcategories&post=535"},{"taxonomy":"post_tag","embeddable":true,"href":"https:\/\/www.adeomrocha.com.uy\/index.php?rest_route=%2Fwp%2Fv2%2Ftags&post=535"}],"curies":[{"name":"wp","href":"https:\/\/api.w.org\/{rel}","templated":true}]}}