{"id":533,"date":"2016-09-13T14:06:04","date_gmt":"2016-09-13T14:06:04","guid":{"rendered":"http:\/\/www.adeomrocha.com.uy\/?p=533"},"modified":"2016-09-13T14:06:04","modified_gmt":"2016-09-13T14:06:04","slug":"adeom-rocha-solicita-entrevista-con-intendente","status":"publish","type":"post","link":"https:\/\/www.adeomrocha.com.uy\/?p=533","title":{"rendered":"Adeom Rocha solicita entrevista con Intendente"},"content":{"rendered":"<p><strong><em>Intendente departamental de Rocha\u00a0\u00a0\u00a0\u00a0\u00a0\u00a0\u00a0\u00a0\u00a0\u00a0\u00a0\u00a0\u00a0\u00a0\u00a0\u00a0\u00a0\u00a0\u00a0\u00a0\u00a0\u00a0\u00a0\u00a0\u00a0\u00a0\u00a0\u00a0\u00a0\u00a0\u00a0\u00a0\u00a0\u00a0\u00a0\u00a0\u00a0\u00a0\u00a0\u00a0\u00a0\u00a0\u00a0\u00a0\u00a0\u00a0\u00a0\u00a0\u00a0\u00a0\u00a0\u00a0\u00a0\u00a0\u00a0\u00a0 <\/em><\/strong><\/p>\n<p><strong><em>An\u00edbal Pereyra\u00a0\u00a0\u00a0\u00a0\u00a0\u00a0\u00a0\u00a0\u00a0\u00a0\u00a0\u00a0\u00a0\u00a0\u00a0\u00a0\u00a0\u00a0\u00a0\u00a0\u00a0\u00a0\u00a0\u00a0\u00a0\u00a0\u00a0\u00a0\u00a0\u00a0\u00a0\u00a0\u00a0\u00a0\u00a0\u00a0\u00a0\u00a0\u00a0\u00a0\u00a0\u00a0\u00a0\u00a0\u00a0\u00a0\u00a0\u00a0\u00a0\u00a0\u00a0\u00a0\u00a0\u00a0\u00a0\u00a0\u00a0\u00a0\u00a0\u00a0\u00a0\u00a0\u00a0\u00a0\u00a0\u00a0\u00a0\u00a0\u00a0\u00a0\u00a0\u00a0\u00a0\u00a0\u00a0\u00a0\u00a0\u00a0\u00a0\u00a0\u00a0\u00a0\u00a0\u00a0\u00a0\u00a0\u00a0\u00a0\u00a0\u00a0\u00a0\u00a0\u00a0\u00a0\u00a0\u00a0\u00a0\u00a0\u00a0\u00a0\u00a0\u00a0 <\/em><\/strong><\/p>\n<p><strong><em>Presente<\/em><\/strong><\/p>\n<p>De nuestra consideraci\u00f3n:<\/p>\n<p>Por medio de la presente solicitamos\u00a0 a Ud. entrevista a los efectos de realizar planteos en el marco de la comisi\u00f3n bipartita ADEOM\/IDR.<\/p>\n<p>Nos urge realizar planteos con relaci\u00f3n al pago del 20% tareas de riesgo e insalubridad, ya que hemos sido informados que\u00a0 a\u00a0 un n\u00famero grande de compa\u00f1eros no se les efectiviz\u00f3 la liquidaci\u00f3n correspondiente, problema este que viene ocurriendo sistem\u00e1ticamente en la liquidaci\u00f3n de haberes de funcionarios, lo que genera mucha disconformidad en la masa de trabajadores que luego es trasladada al sindicato.<\/p>\n<p>Con relaci\u00f3n a la incorporaci\u00f3n presupuestal de nuevas tareas denominadas de riesgo e insalubre, entendemos que se han reglamentado en un formato totalmente diferente al sistema ya establecido en otros sectores, generando inconvenientes y diferencias entre clase de trabajadores. (Realizaremos planteo).<\/p>\n<p>Queremos incluir en la agenda adem\u00e1s:<\/p>\n<ul>\n<li>Modificativa presupuestal en la reivindicaci\u00f3n salarial , (no incluida en el presupuesto quinquenal)<\/li>\n<li>Denuncias de compa\u00f1eros del interior por no ser convocados a cursos de capacitaci\u00f3n IDR\/CURE.<\/li>\n<li>Fijar una fecha para el comienzo del concurso para la presupuestaci\u00f3n de funcionarios municipales.<\/li>\n<li>Programa de Generaci\u00f3n de Liquides Salarial-BROU\/IDR.<\/li>\n<li>Solicitud de informaci\u00f3n correspondiente a n\u00f3mina de funcionarios, monto de compensaciones y diferencias de grado, monto horas extras, n\u00f3mina y monto de empresas contratadas.<\/li>\n<\/ul>\n<p>&nbsp;<\/p>\n<p><a href=\"http:\/\/www.adeomrocha.com.uy\/wp-content\/uploads\/2015\/04\/11080014_826195317460122_9092341902889909823_o.jpg\" rel=\"attachment wp-att-309\"><img loading=\"lazy\" decoding=\"async\" class=\"alignnone size-medium wp-image-309\" src=\"http:\/\/www.adeomrocha.com.uy\/wp-content\/uploads\/2015\/04\/11080014_826195317460122_9092341902889909823_o-300x180.jpg\" alt=\"11080014_826195317460122_9092341902889909823_o\" width=\"300\" height=\"180\" srcset=\"https:\/\/www.adeomrocha.com.uy\/wp-content\/uploads\/2015\/04\/11080014_826195317460122_9092341902889909823_o-300x180.jpg 300w, https:\/\/www.adeomrocha.com.uy\/wp-content\/uploads\/2015\/04\/11080014_826195317460122_9092341902889909823_o-1024x614.jpg 1024w, https:\/\/www.adeomrocha.com.uy\/wp-content\/uploads\/2015\/04\/11080014_826195317460122_9092341902889909823_o-210x126.jpg 210w, https:\/\/www.adeomrocha.com.uy\/wp-content\/uploads\/2015\/04\/11080014_826195317460122_9092341902889909823_o.jpg 2048w\" sizes=\"auto, (max-width: 300px) 100vw, 300px\" \/><\/a><\/p>\n<p>&nbsp;<\/p>\n<p>&nbsp;<\/p>\n<p>&nbsp;<\/p>\n<p>&nbsp;<\/p>\n<p>&nbsp;<\/p>\n","protected":false},"excerpt":{"rendered":"<p>Intendente departamental de Rocha\u00a0\u00a0\u00a0\u00a0\u00a0\u00a0\u00a0\u00a0\u00a0\u00a0\u00a0\u00a0\u00a0\u00a0\u00a0\u00a0\u00a0\u00a0\u00a0\u00a0\u00a0\u00a0\u00a0\u00a0\u00a0\u00a0\u00a0\u00a0\u00a0\u00a0\u00a0\u00a0\u00a0\u00a0\u00a0\u00a0\u00a0\u00a0\u00a0\u00a0\u00a0\u00a0\u00a0\u00a0\u00a0\u00a0\u00a0\u00a0\u00a0\u00a0\u00a0\u00a0\u00a0\u00a0\u00a0\u00a0 An\u00edbal Pereyra\u00a0\u00a0\u00a0\u00a0\u00a0\u00a0\u00a0\u00a0\u00a0\u00a0\u00a0\u00a0\u00a0\u00a0\u00a0\u00a0\u00a0\u00a0\u00a0\u00a0\u00a0\u00a0\u00a0\u00a0\u00a0\u00a0\u00a0\u00a0\u00a0\u00a0\u00a0\u00a0\u00a0\u00a0\u00a0\u00a0\u00a0\u00a0\u00a0\u00a0\u00a0\u00a0\u00a0\u00a0\u00a0\u00a0\u00a0\u00a0\u00a0\u00a0\u00a0\u00a0\u00a0\u00a0\u00a0\u00a0\u00a0\u00a0\u00a0\u00a0\u00a0\u00a0\u00a0\u00a0\u00a0\u00a0\u00a0\u00a0\u00a0\u00a0\u00a0\u00a0\u00a0\u00a0\u00a0\u00a0\u00a0\u00a0\u00a0\u00a0\u00a0\u00a0\u00a0\u00a0\u00a0\u00a0\u00a0\u00a0\u00a0\u00a0\u00a0\u00a0\u00a0\u00a0\u00a0\u00a0\u00a0\u00a0\u00a0\u00a0\u00a0\u00a0 Presente De nuestra consideraci\u00f3n: Por medio de la presente solicitamos\u00a0 a Ud. entrevista a los efectos de realizar planteos en el marco de la comisi\u00f3n bipartita ADEOM\/IDR. Nos urge realizar planteos con relaci\u00f3n al pago del 20% tareas de riesgo e insalubridad, ya que hemos sido informados que\u00a0 a\u00a0 [&hellip;]<\/p>\n","protected":false},"author":1,"featured_media":309,"comment_status":"open","ping_status":"open","sticky":false,"template":"","format":"standard","meta":{"footnotes":""},"categories":[1],"tags":[],"class_list":["post-533","post","type-post","status-publish","format-standard","has-post-thumbnail","hentry","category-sin-categoria"],"_links":{"self":[{"href":"https:\/\/www.adeomrocha.com.uy\/index.php?rest_route=\/wp\/v2\/posts\/533","targetHints":{"allow":["GET"]}}],"collection":[{"href":"https:\/\/www.adeomrocha.com.uy\/index.php?rest_route=\/wp\/v2\/posts"}],"about":[{"href":"https:\/\/www.adeomrocha.com.uy\/index.php?rest_route=\/wp\/v2\/types\/post"}],"author":[{"embeddable":true,"href":"https:\/\/www.adeomrocha.com.uy\/index.php?rest_route=\/wp\/v2\/users\/1"}],"replies":[{"embeddable":true,"href":"https:\/\/www.adeomrocha.com.uy\/index.php?rest_route=%2Fwp%2Fv2%2Fcomments&post=533"}],"version-history":[{"count":1,"href":"https:\/\/www.adeomrocha.com.uy\/index.php?rest_route=\/wp\/v2\/posts\/533\/revisions"}],"predecessor-version":[{"id":534,"href":"https:\/\/www.adeomrocha.com.uy\/index.php?rest_route=\/wp\/v2\/posts\/533\/revisions\/534"}],"wp:featuredmedia":[{"embeddable":true,"href":"https:\/\/www.adeomrocha.com.uy\/index.php?rest_route=\/wp\/v2\/media\/309"}],"wp:attachment":[{"href":"https:\/\/www.adeomrocha.com.uy\/index.php?rest_route=%2Fwp%2Fv2%2Fmedia&parent=533"}],"wp:term":[{"taxonomy":"category","embeddable":true,"href":"https:\/\/www.adeomrocha.com.uy\/index.php?rest_route=%2Fwp%2Fv2%2Fcategories&post=533"},{"taxonomy":"post_tag","embeddable":true,"href":"https:\/\/www.adeomrocha.com.uy\/index.php?rest_route=%2Fwp%2Fv2%2Ftags&post=533"}],"curies":[{"name":"wp","href":"https:\/\/api.w.org\/{rel}","templated":true}]}}