{"id":520,"date":"2016-08-17T13:32:43","date_gmt":"2016-08-17T13:32:43","guid":{"rendered":"http:\/\/www.adeomrocha.com.uy\/?p=520"},"modified":"2016-08-17T13:32:43","modified_gmt":"2016-08-17T13:32:43","slug":"adeom-rocha-en-cebollati","status":"publish","type":"post","link":"https:\/\/www.adeomrocha.com.uy\/?p=520","title":{"rendered":"Adeom Rocha en Cebollat\u00ed"},"content":{"rendered":"<p>Asambleas sectoriales, informando convenio colectivo y la nueva presupuestaci\u00f3n de funcionarios, estuvimos con los compa\u00f1eros de la Junta de Cebollat\u00ed gracias por el aporte y la discusi\u00f3n de los temas que nos importan a los trabajadores.<\/p>\n<p><a href=\"http:\/\/www.adeomrocha.com.uy\/wp-content\/uploads\/2016\/08\/13903347_1090047251074926_1715110737906221558_n.jpg\" rel=\"attachment wp-att-521\"><img loading=\"lazy\" decoding=\"async\" class=\"alignnone size-medium wp-image-521\" src=\"http:\/\/www.adeomrocha.com.uy\/wp-content\/uploads\/2016\/08\/13903347_1090047251074926_1715110737906221558_n-180x300.jpg\" alt=\"13903347_1090047251074926_1715110737906221558_n\" width=\"180\" height=\"300\" srcset=\"https:\/\/www.adeomrocha.com.uy\/wp-content\/uploads\/2016\/08\/13903347_1090047251074926_1715110737906221558_n-180x300.jpg 180w, https:\/\/www.adeomrocha.com.uy\/wp-content\/uploads\/2016\/08\/13903347_1090047251074926_1715110737906221558_n-126x210.jpg 126w, https:\/\/www.adeomrocha.com.uy\/wp-content\/uploads\/2016\/08\/13903347_1090047251074926_1715110737906221558_n.jpg 576w\" sizes=\"auto, (max-width: 180px) 100vw, 180px\" \/><\/a> <a href=\"http:\/\/www.adeomrocha.com.uy\/wp-content\/uploads\/2016\/08\/13912711_1090047097741608_906395938421054907_n.jpg\" rel=\"attachment wp-att-522\"><img loading=\"lazy\" decoding=\"async\" class=\"alignnone size-medium wp-image-522\" src=\"http:\/\/www.adeomrocha.com.uy\/wp-content\/uploads\/2016\/08\/13912711_1090047097741608_906395938421054907_n-300x180.jpg\" alt=\"13912711_1090047097741608_906395938421054907_n\" width=\"300\" height=\"180\" srcset=\"https:\/\/www.adeomrocha.com.uy\/wp-content\/uploads\/2016\/08\/13912711_1090047097741608_906395938421054907_n-300x180.jpg 300w, https:\/\/www.adeomrocha.com.uy\/wp-content\/uploads\/2016\/08\/13912711_1090047097741608_906395938421054907_n-768x461.jpg 768w, https:\/\/www.adeomrocha.com.uy\/wp-content\/uploads\/2016\/08\/13912711_1090047097741608_906395938421054907_n-210x126.jpg 210w, https:\/\/www.adeomrocha.com.uy\/wp-content\/uploads\/2016\/08\/13912711_1090047097741608_906395938421054907_n.jpg 960w\" sizes=\"auto, (max-width: 300px) 100vw, 300px\" \/><\/a> <a href=\"http:\/\/www.adeomrocha.com.uy\/wp-content\/uploads\/2016\/08\/13925400_1090047144408270_8373066494354379256_n.jpg\" rel=\"attachment wp-att-523\"><img loading=\"lazy\" decoding=\"async\" class=\"alignnone size-medium wp-image-523\" src=\"http:\/\/www.adeomrocha.com.uy\/wp-content\/uploads\/2016\/08\/13925400_1090047144408270_8373066494354379256_n-180x300.jpg\" alt=\"13925400_1090047144408270_8373066494354379256_n\" width=\"180\" height=\"300\" srcset=\"https:\/\/www.adeomrocha.com.uy\/wp-content\/uploads\/2016\/08\/13925400_1090047144408270_8373066494354379256_n-180x300.jpg 180w, https:\/\/www.adeomrocha.com.uy\/wp-content\/uploads\/2016\/08\/13925400_1090047144408270_8373066494354379256_n-126x210.jpg 126w, https:\/\/www.adeomrocha.com.uy\/wp-content\/uploads\/2016\/08\/13925400_1090047144408270_8373066494354379256_n.jpg 576w\" sizes=\"auto, (max-width: 180px) 100vw, 180px\" \/><\/a> <a href=\"http:\/\/www.adeomrocha.com.uy\/wp-content\/uploads\/2016\/08\/14021592_1090047037741614_7508323923607528797_n.jpg\" rel=\"attachment wp-att-524\"><img loading=\"lazy\" decoding=\"async\" class=\"alignnone size-medium wp-image-524\" src=\"http:\/\/www.adeomrocha.com.uy\/wp-content\/uploads\/2016\/08\/14021592_1090047037741614_7508323923607528797_n-180x300.jpg\" alt=\"14021592_1090047037741614_7508323923607528797_n\" width=\"180\" height=\"300\" srcset=\"https:\/\/www.adeomrocha.com.uy\/wp-content\/uploads\/2016\/08\/14021592_1090047037741614_7508323923607528797_n-180x300.jpg 180w, https:\/\/www.adeomrocha.com.uy\/wp-content\/uploads\/2016\/08\/14021592_1090047037741614_7508323923607528797_n-126x210.jpg 126w, https:\/\/www.adeomrocha.com.uy\/wp-content\/uploads\/2016\/08\/14021592_1090047037741614_7508323923607528797_n.jpg 576w\" sizes=\"auto, (max-width: 180px) 100vw, 180px\" \/><\/a><\/p>\n","protected":false},"excerpt":{"rendered":"<p>Asambleas sectoriales, informando convenio colectivo y la nueva presupuestaci\u00f3n de funcionarios, estuvimos con los compa\u00f1eros de la Junta de Cebollat\u00ed gracias por el aporte y la discusi\u00f3n de los temas que nos importan a los trabajadores.<\/p>\n","protected":false},"author":1,"featured_media":524,"comment_status":"open","ping_status":"open","sticky":false,"template":"","format":"standard","meta":{"footnotes":""},"categories":[1],"tags":[],"class_list":["post-520","post","type-post","status-publish","format-standard","has-post-thumbnail","hentry","category-sin-categoria"],"_links":{"self":[{"href":"https:\/\/www.adeomrocha.com.uy\/index.php?rest_route=\/wp\/v2\/posts\/520","targetHints":{"allow":["GET"]}}],"collection":[{"href":"https:\/\/www.adeomrocha.com.uy\/index.php?rest_route=\/wp\/v2\/posts"}],"about":[{"href":"https:\/\/www.adeomrocha.com.uy\/index.php?rest_route=\/wp\/v2\/types\/post"}],"author":[{"embeddable":true,"href":"https:\/\/www.adeomrocha.com.uy\/index.php?rest_route=\/wp\/v2\/users\/1"}],"replies":[{"embeddable":true,"href":"https:\/\/www.adeomrocha.com.uy\/index.php?rest_route=%2Fwp%2Fv2%2Fcomments&post=520"}],"version-history":[{"count":1,"href":"https:\/\/www.adeomrocha.com.uy\/index.php?rest_route=\/wp\/v2\/posts\/520\/revisions"}],"predecessor-version":[{"id":525,"href":"https:\/\/www.adeomrocha.com.uy\/index.php?rest_route=\/wp\/v2\/posts\/520\/revisions\/525"}],"wp:featuredmedia":[{"embeddable":true,"href":"https:\/\/www.adeomrocha.com.uy\/index.php?rest_route=\/wp\/v2\/media\/524"}],"wp:attachment":[{"href":"https:\/\/www.adeomrocha.com.uy\/index.php?rest_route=%2Fwp%2Fv2%2Fmedia&parent=520"}],"wp:term":[{"taxonomy":"category","embeddable":true,"href":"https:\/\/www.adeomrocha.com.uy\/index.php?rest_route=%2Fwp%2Fv2%2Fcategories&post=520"},{"taxonomy":"post_tag","embeddable":true,"href":"https:\/\/www.adeomrocha.com.uy\/index.php?rest_route=%2Fwp%2Fv2%2Ftags&post=520"}],"curies":[{"name":"wp","href":"https:\/\/api.w.org\/{rel}","templated":true}]}}