{"id":517,"date":"2016-08-17T13:29:51","date_gmt":"2016-08-17T13:29:51","guid":{"rendered":"http:\/\/www.adeomrocha.com.uy\/?p=517"},"modified":"2016-08-17T13:30:12","modified_gmt":"2016-08-17T13:30:12","slug":"adeom-rocha-en-la-junta-del-punta-del-diablo","status":"publish","type":"post","link":"https:\/\/www.adeomrocha.com.uy\/?p=517","title":{"rendered":"Adeom Rocha en la Junta del Punta del Diablo"},"content":{"rendered":"<p>Asambleas sectoriales, informando convenio colectivo y la nueva presupuestaci\u00f3n de funcionarios, estuvimos con los compa\u00f1eros de la Junta del Punta del Diablo gracias por el aporte y la discusi\u00f3n de los temas que nos importan a los trabajadores.<\/p>\n<p><a href=\"http:\/\/www.adeomrocha.com.uy\/wp-content\/uploads\/2016\/08\/13923863_1089023017844016_1346120856983248638_o.jpg\" rel=\"attachment wp-att-518\"><img loading=\"lazy\" decoding=\"async\" class=\"alignnone size-medium wp-image-518\" src=\"http:\/\/www.adeomrocha.com.uy\/wp-content\/uploads\/2016\/08\/13923863_1089023017844016_1346120856983248638_o-300x180.jpg\" alt=\"13923863_1089023017844016_1346120856983248638_o\" width=\"300\" height=\"180\" srcset=\"https:\/\/www.adeomrocha.com.uy\/wp-content\/uploads\/2016\/08\/13923863_1089023017844016_1346120856983248638_o-300x180.jpg 300w, https:\/\/www.adeomrocha.com.uy\/wp-content\/uploads\/2016\/08\/13923863_1089023017844016_1346120856983248638_o-768x461.jpg 768w, https:\/\/www.adeomrocha.com.uy\/wp-content\/uploads\/2016\/08\/13923863_1089023017844016_1346120856983248638_o-1024x614.jpg 1024w, https:\/\/www.adeomrocha.com.uy\/wp-content\/uploads\/2016\/08\/13923863_1089023017844016_1346120856983248638_o-210x126.jpg 210w, https:\/\/www.adeomrocha.com.uy\/wp-content\/uploads\/2016\/08\/13923863_1089023017844016_1346120856983248638_o.jpg 2048w\" sizes=\"auto, (max-width: 300px) 100vw, 300px\" \/><\/a><\/p>\n","protected":false},"excerpt":{"rendered":"<p>Asambleas sectoriales, informando convenio colectivo y la nueva presupuestaci\u00f3n de funcionarios, estuvimos con los compa\u00f1eros de la Junta del Punta del Diablo gracias por el aporte y la discusi\u00f3n de los temas que nos importan a los trabajadores.<\/p>\n","protected":false},"author":1,"featured_media":518,"comment_status":"open","ping_status":"open","sticky":false,"template":"","format":"standard","meta":{"footnotes":""},"categories":[1],"tags":[],"class_list":["post-517","post","type-post","status-publish","format-standard","has-post-thumbnail","hentry","category-sin-categoria"],"_links":{"self":[{"href":"https:\/\/www.adeomrocha.com.uy\/index.php?rest_route=\/wp\/v2\/posts\/517","targetHints":{"allow":["GET"]}}],"collection":[{"href":"https:\/\/www.adeomrocha.com.uy\/index.php?rest_route=\/wp\/v2\/posts"}],"about":[{"href":"https:\/\/www.adeomrocha.com.uy\/index.php?rest_route=\/wp\/v2\/types\/post"}],"author":[{"embeddable":true,"href":"https:\/\/www.adeomrocha.com.uy\/index.php?rest_route=\/wp\/v2\/users\/1"}],"replies":[{"embeddable":true,"href":"https:\/\/www.adeomrocha.com.uy\/index.php?rest_route=%2Fwp%2Fv2%2Fcomments&post=517"}],"version-history":[{"count":1,"href":"https:\/\/www.adeomrocha.com.uy\/index.php?rest_route=\/wp\/v2\/posts\/517\/revisions"}],"predecessor-version":[{"id":519,"href":"https:\/\/www.adeomrocha.com.uy\/index.php?rest_route=\/wp\/v2\/posts\/517\/revisions\/519"}],"wp:featuredmedia":[{"embeddable":true,"href":"https:\/\/www.adeomrocha.com.uy\/index.php?rest_route=\/wp\/v2\/media\/518"}],"wp:attachment":[{"href":"https:\/\/www.adeomrocha.com.uy\/index.php?rest_route=%2Fwp%2Fv2%2Fmedia&parent=517"}],"wp:term":[{"taxonomy":"category","embeddable":true,"href":"https:\/\/www.adeomrocha.com.uy\/index.php?rest_route=%2Fwp%2Fv2%2Fcategories&post=517"},{"taxonomy":"post_tag","embeddable":true,"href":"https:\/\/www.adeomrocha.com.uy\/index.php?rest_route=%2Fwp%2Fv2%2Ftags&post=517"}],"curies":[{"name":"wp","href":"https:\/\/api.w.org\/{rel}","templated":true}]}}