{"id":489,"date":"2016-07-13T13:20:45","date_gmt":"2016-07-13T13:20:45","guid":{"rendered":"http:\/\/www.adeomrocha.com.uy\/?p=489"},"modified":"2016-07-13T13:23:12","modified_gmt":"2016-07-13T13:23:12","slug":"adeom-adhiere-al-pato-general","status":"publish","type":"post","link":"https:\/\/www.adeomrocha.com.uy\/?p=489","title":{"rendered":"Adeom adhiere al Paro General"},"content":{"rendered":"<p>ADEOM ROCHA convoca y adhiere al paro general del d\u00eda 14 de Julio, por m\u00e1s trabajo, m\u00e1s salario, un sistema de ajustes que refleje la p\u00e9rdida salarial de los trabajadores, no a las AFAP, no al aumento de las tarifas p\u00fablicas por encima de la inflaci\u00f3n, QUE LA CRISIS NO LA PAGUE LA CLASE TRABAJADORA<\/p>\n<p><a href=\"http:\/\/www.adeomrocha.com.uy\/wp-content\/uploads\/2016\/07\/Comunicado-Paro-14-de-julio-1.jpg\" rel=\"attachment wp-att-490\"><img loading=\"lazy\" decoding=\"async\" class=\"alignnone size-medium wp-image-490\" src=\"http:\/\/www.adeomrocha.com.uy\/wp-content\/uploads\/2016\/07\/Comunicado-Paro-14-de-julio-1-216x300.jpg\" alt=\"Comunicado Paro 14 de julio\" width=\"216\" height=\"300\" srcset=\"https:\/\/www.adeomrocha.com.uy\/wp-content\/uploads\/2016\/07\/Comunicado-Paro-14-de-julio-1-216x300.jpg 216w, https:\/\/www.adeomrocha.com.uy\/wp-content\/uploads\/2016\/07\/Comunicado-Paro-14-de-julio-1-768x1065.jpg 768w, https:\/\/www.adeomrocha.com.uy\/wp-content\/uploads\/2016\/07\/Comunicado-Paro-14-de-julio-1-739x1024.jpg 739w, https:\/\/www.adeomrocha.com.uy\/wp-content\/uploads\/2016\/07\/Comunicado-Paro-14-de-julio-1-152x210.jpg 152w, https:\/\/www.adeomrocha.com.uy\/wp-content\/uploads\/2016\/07\/Comunicado-Paro-14-de-julio-1.jpg 1264w\" sizes=\"auto, (max-width: 216px) 100vw, 216px\" \/><\/a><\/p>\n","protected":false},"excerpt":{"rendered":"<p>ADEOM ROCHA convoca y adhiere al paro general del d\u00eda 14 de Julio, por m\u00e1s trabajo, m\u00e1s salario, un sistema de ajustes que refleje la p\u00e9rdida salarial de los trabajadores, no a las AFAP, no al aumento de las tarifas p\u00fablicas por encima de la inflaci\u00f3n, QUE LA CRISIS NO LA PAGUE LA CLASE TRABAJADORA<\/p>\n","protected":false},"author":1,"featured_media":490,"comment_status":"open","ping_status":"open","sticky":false,"template":"","format":"standard","meta":{"footnotes":""},"categories":[1],"tags":[],"class_list":["post-489","post","type-post","status-publish","format-standard","has-post-thumbnail","hentry","category-sin-categoria"],"_links":{"self":[{"href":"https:\/\/www.adeomrocha.com.uy\/index.php?rest_route=\/wp\/v2\/posts\/489","targetHints":{"allow":["GET"]}}],"collection":[{"href":"https:\/\/www.adeomrocha.com.uy\/index.php?rest_route=\/wp\/v2\/posts"}],"about":[{"href":"https:\/\/www.adeomrocha.com.uy\/index.php?rest_route=\/wp\/v2\/types\/post"}],"author":[{"embeddable":true,"href":"https:\/\/www.adeomrocha.com.uy\/index.php?rest_route=\/wp\/v2\/users\/1"}],"replies":[{"embeddable":true,"href":"https:\/\/www.adeomrocha.com.uy\/index.php?rest_route=%2Fwp%2Fv2%2Fcomments&post=489"}],"version-history":[{"count":2,"href":"https:\/\/www.adeomrocha.com.uy\/index.php?rest_route=\/wp\/v2\/posts\/489\/revisions"}],"predecessor-version":[{"id":494,"href":"https:\/\/www.adeomrocha.com.uy\/index.php?rest_route=\/wp\/v2\/posts\/489\/revisions\/494"}],"wp:featuredmedia":[{"embeddable":true,"href":"https:\/\/www.adeomrocha.com.uy\/index.php?rest_route=\/wp\/v2\/media\/490"}],"wp:attachment":[{"href":"https:\/\/www.adeomrocha.com.uy\/index.php?rest_route=%2Fwp%2Fv2%2Fmedia&parent=489"}],"wp:term":[{"taxonomy":"category","embeddable":true,"href":"https:\/\/www.adeomrocha.com.uy\/index.php?rest_route=%2Fwp%2Fv2%2Fcategories&post=489"},{"taxonomy":"post_tag","embeddable":true,"href":"https:\/\/www.adeomrocha.com.uy\/index.php?rest_route=%2Fwp%2Fv2%2Ftags&post=489"}],"curies":[{"name":"wp","href":"https:\/\/api.w.org\/{rel}","templated":true}]}}