{"id":483,"date":"2016-06-29T13:23:21","date_gmt":"2016-06-29T13:23:21","guid":{"rendered":"http:\/\/www.adeomrocha.com.uy\/?p=483"},"modified":"2016-06-29T13:23:21","modified_gmt":"2016-06-29T13:23:21","slug":"reunion-con-recursos-humanos","status":"publish","type":"post","link":"https:\/\/www.adeomrocha.com.uy\/?p=483","title":{"rendered":"Reunion con Recursos Humanos"},"content":{"rendered":"<p>Compa\u00f1eros importante reuni\u00f3n hoy con recursos humanos, iniciamos etapa de presupuestaci\u00f3n de funcionarios, la posibilidad de que los compa\u00f1eros accedan a la estabilidad laboral. Segunda semana de Agosto confirmada inscripci\u00f3n para en el mismo mes iniciar el proceso y lograr la efectividad laboral. En el mes de Julio visitaremos a cada compa\u00f1ero para informar sobre este tema y sobre las reivindicaciones que a partir de julio se hacen efectivas.<\/p>\n<p>&nbsp;<\/p>\n<p><a href=\"http:\/\/www.adeomrocha.com.uy\/wp-content\/uploads\/2016\/06\/13466087_1056146117798373_4285339138320315677_n.jpg\" rel=\"attachment wp-att-484\"><img loading=\"lazy\" decoding=\"async\" class=\"alignnone size-medium wp-image-484\" src=\"http:\/\/www.adeomrocha.com.uy\/wp-content\/uploads\/2016\/06\/13466087_1056146117798373_4285339138320315677_n-180x300.jpg\" alt=\"13466087_1056146117798373_4285339138320315677_n\" width=\"180\" height=\"300\" srcset=\"https:\/\/www.adeomrocha.com.uy\/wp-content\/uploads\/2016\/06\/13466087_1056146117798373_4285339138320315677_n-180x300.jpg 180w, https:\/\/www.adeomrocha.com.uy\/wp-content\/uploads\/2016\/06\/13466087_1056146117798373_4285339138320315677_n-126x210.jpg 126w, https:\/\/www.adeomrocha.com.uy\/wp-content\/uploads\/2016\/06\/13466087_1056146117798373_4285339138320315677_n.jpg 576w\" sizes=\"auto, (max-width: 180px) 100vw, 180px\" \/><\/a> <a href=\"http:\/\/www.adeomrocha.com.uy\/wp-content\/uploads\/2016\/06\/13466440_1056146007798384_6378810230562260670_n.jpg\" rel=\"attachment wp-att-485\"><img loading=\"lazy\" decoding=\"async\" class=\"alignnone size-medium wp-image-485\" src=\"http:\/\/www.adeomrocha.com.uy\/wp-content\/uploads\/2016\/06\/13466440_1056146007798384_6378810230562260670_n-180x300.jpg\" alt=\"13466440_1056146007798384_6378810230562260670_n\" width=\"180\" height=\"300\" srcset=\"https:\/\/www.adeomrocha.com.uy\/wp-content\/uploads\/2016\/06\/13466440_1056146007798384_6378810230562260670_n-180x300.jpg 180w, https:\/\/www.adeomrocha.com.uy\/wp-content\/uploads\/2016\/06\/13466440_1056146007798384_6378810230562260670_n-126x210.jpg 126w, https:\/\/www.adeomrocha.com.uy\/wp-content\/uploads\/2016\/06\/13466440_1056146007798384_6378810230562260670_n.jpg 576w\" sizes=\"auto, (max-width: 180px) 100vw, 180px\" \/><\/a> <a href=\"http:\/\/www.adeomrocha.com.uy\/wp-content\/uploads\/2016\/06\/13516344_1056146064465045_6921947397278021591_n.jpg\" rel=\"attachment wp-att-486\"><img loading=\"lazy\" decoding=\"async\" class=\"alignnone size-medium wp-image-486\" src=\"http:\/\/www.adeomrocha.com.uy\/wp-content\/uploads\/2016\/06\/13516344_1056146064465045_6921947397278021591_n-180x300.jpg\" alt=\"13516344_1056146064465045_6921947397278021591_n\" width=\"180\" height=\"300\" srcset=\"https:\/\/www.adeomrocha.com.uy\/wp-content\/uploads\/2016\/06\/13516344_1056146064465045_6921947397278021591_n-180x300.jpg 180w, https:\/\/www.adeomrocha.com.uy\/wp-content\/uploads\/2016\/06\/13516344_1056146064465045_6921947397278021591_n-126x210.jpg 126w, https:\/\/www.adeomrocha.com.uy\/wp-content\/uploads\/2016\/06\/13516344_1056146064465045_6921947397278021591_n.jpg 576w\" sizes=\"auto, (max-width: 180px) 100vw, 180px\" \/><\/a><\/p>\n","protected":false},"excerpt":{"rendered":"<p>Compa\u00f1eros importante reuni\u00f3n hoy con recursos humanos, iniciamos etapa de presupuestaci\u00f3n de funcionarios, la posibilidad de que los compa\u00f1eros accedan a la estabilidad laboral. Segunda semana de Agosto confirmada inscripci\u00f3n para en el mismo mes iniciar el proceso y lograr la efectividad laboral. En el mes de Julio visitaremos a cada compa\u00f1ero para informar sobre [&hellip;]<\/p>\n","protected":false},"author":1,"featured_media":485,"comment_status":"open","ping_status":"open","sticky":false,"template":"","format":"standard","meta":{"footnotes":""},"categories":[1],"tags":[],"class_list":["post-483","post","type-post","status-publish","format-standard","has-post-thumbnail","hentry","category-sin-categoria"],"_links":{"self":[{"href":"https:\/\/www.adeomrocha.com.uy\/index.php?rest_route=\/wp\/v2\/posts\/483","targetHints":{"allow":["GET"]}}],"collection":[{"href":"https:\/\/www.adeomrocha.com.uy\/index.php?rest_route=\/wp\/v2\/posts"}],"about":[{"href":"https:\/\/www.adeomrocha.com.uy\/index.php?rest_route=\/wp\/v2\/types\/post"}],"author":[{"embeddable":true,"href":"https:\/\/www.adeomrocha.com.uy\/index.php?rest_route=\/wp\/v2\/users\/1"}],"replies":[{"embeddable":true,"href":"https:\/\/www.adeomrocha.com.uy\/index.php?rest_route=%2Fwp%2Fv2%2Fcomments&post=483"}],"version-history":[{"count":1,"href":"https:\/\/www.adeomrocha.com.uy\/index.php?rest_route=\/wp\/v2\/posts\/483\/revisions"}],"predecessor-version":[{"id":487,"href":"https:\/\/www.adeomrocha.com.uy\/index.php?rest_route=\/wp\/v2\/posts\/483\/revisions\/487"}],"wp:featuredmedia":[{"embeddable":true,"href":"https:\/\/www.adeomrocha.com.uy\/index.php?rest_route=\/wp\/v2\/media\/485"}],"wp:attachment":[{"href":"https:\/\/www.adeomrocha.com.uy\/index.php?rest_route=%2Fwp%2Fv2%2Fmedia&parent=483"}],"wp:term":[{"taxonomy":"category","embeddable":true,"href":"https:\/\/www.adeomrocha.com.uy\/index.php?rest_route=%2Fwp%2Fv2%2Fcategories&post=483"},{"taxonomy":"post_tag","embeddable":true,"href":"https:\/\/www.adeomrocha.com.uy\/index.php?rest_route=%2Fwp%2Fv2%2Ftags&post=483"}],"curies":[{"name":"wp","href":"https:\/\/api.w.org\/{rel}","templated":true}]}}