{"id":481,"date":"2016-06-29T13:16:38","date_gmt":"2016-06-29T13:16:38","guid":{"rendered":"http:\/\/www.adeomrocha.com.uy\/?p=481"},"modified":"2016-06-29T13:16:38","modified_gmt":"2016-06-29T13:16:38","slug":"paro-general-adeom-rocha-convoca-y-adhiere","status":"publish","type":"post","link":"https:\/\/www.adeomrocha.com.uy\/?p=481","title":{"rendered":"Paro General: Adeom Rocha convoca y adhiere"},"content":{"rendered":"<p>ADEOM ROCHA convoca y se adhiere al paro parcial el d\u00eda 29 de Junio convocado por la Central de Trabajadores en el horario de 09 a 13hs.<\/p>\n<p>* Por m\u00e1s inversi\u00f3n p\u00fablica<\/p>\n<p>* Contra el aumento sostenido de las tarifas p\u00fablicas por encima de la inflaci\u00f3n, lo que genera p\u00e9rdida salarial en la masa de asalariados, pensionistas y jubilaciones.<\/p>\n<p>* Contra las pol\u00edticas neoliberales aplicadas por el gobierno y el modelo econ\u00f3mico actual que privilegia a las clases dominantes y castiga a la clase obrera en su conjunto.<\/p>\n<p>\u201cSolidaridad y Lucha\u201d<\/p>\n<p style=\"text-align: center;\">ANDRES DE LOS SANTOS \u00a0\u00a0 \u00a0 \u00a0 \u00a0\u00a0\u00a0FERNANDO DE LEON<\/p>\n<p style=\"text-align: center;\">PRESIDENTE \u00a0 \u00a0 \u00a0 \u00a0 \u00a0 \u00a0 \u00a0 \u00a0 \u00a0 \u00a0 \u00a0 \u00a0 \u00a0 SECRETARIO<\/p>\n<p style=\"text-align: center;\">\n<p style=\"text-align: center;\"><a href=\"http:\/\/www.adeomrocha.com.uy\/wp-content\/uploads\/2013\/11\/cumple-jose-6-028.jpg\" rel=\"attachment wp-att-127\"><img loading=\"lazy\" decoding=\"async\" class=\"alignnone size-medium wp-image-127\" src=\"http:\/\/www.adeomrocha.com.uy\/wp-content\/uploads\/2013\/11\/cumple-jose-6-028-300x225.jpg\" alt=\"cumple jose 6 028\" width=\"300\" height=\"225\" \/><\/a><\/p>\n","protected":false},"excerpt":{"rendered":"<p>ADEOM ROCHA convoca y se adhiere al paro parcial el d\u00eda 29 de Junio convocado por la Central de Trabajadores en el horario de 09 a 13hs. * Por m\u00e1s inversi\u00f3n p\u00fablica * Contra el aumento sostenido de las tarifas p\u00fablicas por encima de la inflaci\u00f3n, lo que genera p\u00e9rdida salarial en la masa de [&hellip;]<\/p>\n","protected":false},"author":1,"featured_media":134,"comment_status":"open","ping_status":"open","sticky":false,"template":"","format":"standard","meta":{"footnotes":""},"categories":[1],"tags":[],"class_list":["post-481","post","type-post","status-publish","format-standard","has-post-thumbnail","hentry","category-sin-categoria"],"_links":{"self":[{"href":"https:\/\/www.adeomrocha.com.uy\/index.php?rest_route=\/wp\/v2\/posts\/481","targetHints":{"allow":["GET"]}}],"collection":[{"href":"https:\/\/www.adeomrocha.com.uy\/index.php?rest_route=\/wp\/v2\/posts"}],"about":[{"href":"https:\/\/www.adeomrocha.com.uy\/index.php?rest_route=\/wp\/v2\/types\/post"}],"author":[{"embeddable":true,"href":"https:\/\/www.adeomrocha.com.uy\/index.php?rest_route=\/wp\/v2\/users\/1"}],"replies":[{"embeddable":true,"href":"https:\/\/www.adeomrocha.com.uy\/index.php?rest_route=%2Fwp%2Fv2%2Fcomments&post=481"}],"version-history":[{"count":1,"href":"https:\/\/www.adeomrocha.com.uy\/index.php?rest_route=\/wp\/v2\/posts\/481\/revisions"}],"predecessor-version":[{"id":482,"href":"https:\/\/www.adeomrocha.com.uy\/index.php?rest_route=\/wp\/v2\/posts\/481\/revisions\/482"}],"wp:featuredmedia":[{"embeddable":true,"href":"https:\/\/www.adeomrocha.com.uy\/index.php?rest_route=\/wp\/v2\/media\/134"}],"wp:attachment":[{"href":"https:\/\/www.adeomrocha.com.uy\/index.php?rest_route=%2Fwp%2Fv2%2Fmedia&parent=481"}],"wp:term":[{"taxonomy":"category","embeddable":true,"href":"https:\/\/www.adeomrocha.com.uy\/index.php?rest_route=%2Fwp%2Fv2%2Fcategories&post=481"},{"taxonomy":"post_tag","embeddable":true,"href":"https:\/\/www.adeomrocha.com.uy\/index.php?rest_route=%2Fwp%2Fv2%2Ftags&post=481"}],"curies":[{"name":"wp","href":"https:\/\/api.w.org\/{rel}","templated":true}]}}