{"id":466,"date":"2016-05-05T04:49:07","date_gmt":"2016-05-05T04:49:07","guid":{"rendered":"http:\/\/www.adeomrocha.com.uy\/?p=466"},"modified":"2016-05-05T04:49:07","modified_gmt":"2016-05-05T04:49:07","slug":"campana-de-la-frazada","status":"publish","type":"post","link":"https:\/\/www.adeomrocha.com.uy\/?p=466","title":{"rendered":"Campa\u00f1a de la Frazada"},"content":{"rendered":"<p>CAMPA\u00d1A DE LA FRAZADA<\/p>\n<p>Visto el cambio clim\u00e1tico y la situaci\u00f3n que est\u00e1 soportando el departamento debido a las inundaciones de estas \u00faltimas semanas.<\/p>\n<p>Adeom Rocha ha iniciado una campa\u00f1a de recolecci\u00f3n de Frazadas para los vecinos del departamento que lo necesiten.<\/p>\n<p>Las donaciones de frazadas ser\u00e1n recibidas en nuestra sede Agust\u00edn Peri casi Monterroso de Lunes a Viernes de 08:00 a 16:00 o comunic\u00e1ndose con los directivos.<\/p>\n<p>Desde ya MUCHAS GRACIAS.<\/p>\n<p><a href=\"http:\/\/www.adeomrocha.com.uy\/wp-content\/uploads\/2016\/05\/grupo-jivse-frasadas.jpg\" rel=\"attachment wp-att-467\"><img loading=\"lazy\" decoding=\"async\" class=\"size-medium wp-image-467 aligncenter\" src=\"http:\/\/www.adeomrocha.com.uy\/wp-content\/uploads\/2016\/05\/grupo-jivse-frasadas-300x270.jpg\" alt=\"grupo-jivse-frasadas\" width=\"300\" height=\"270\" srcset=\"https:\/\/www.adeomrocha.com.uy\/wp-content\/uploads\/2016\/05\/grupo-jivse-frasadas-300x270.jpg 300w, https:\/\/www.adeomrocha.com.uy\/wp-content\/uploads\/2016\/05\/grupo-jivse-frasadas-210x189.jpg 210w, https:\/\/www.adeomrocha.com.uy\/wp-content\/uploads\/2016\/05\/grupo-jivse-frasadas.jpg 500w\" sizes=\"auto, (max-width: 300px) 100vw, 300px\" \/><\/a><\/p>\n<p>&nbsp;<\/p>\n","protected":false},"excerpt":{"rendered":"<p>CAMPA\u00d1A DE LA FRAZADA Visto el cambio clim\u00e1tico y la situaci\u00f3n que est\u00e1 soportando el departamento debido a las inundaciones de estas \u00faltimas semanas. Adeom Rocha ha iniciado una campa\u00f1a de recolecci\u00f3n de Frazadas para los vecinos del departamento que lo necesiten. Las donaciones de frazadas ser\u00e1n recibidas en nuestra sede Agust\u00edn Peri casi Monterroso [&hellip;]<\/p>\n","protected":false},"author":1,"featured_media":468,"comment_status":"open","ping_status":"open","sticky":false,"template":"","format":"standard","meta":{"footnotes":""},"categories":[1],"tags":[],"class_list":["post-466","post","type-post","status-publish","format-standard","has-post-thumbnail","hentry","category-sin-categoria"],"_links":{"self":[{"href":"https:\/\/www.adeomrocha.com.uy\/index.php?rest_route=\/wp\/v2\/posts\/466","targetHints":{"allow":["GET"]}}],"collection":[{"href":"https:\/\/www.adeomrocha.com.uy\/index.php?rest_route=\/wp\/v2\/posts"}],"about":[{"href":"https:\/\/www.adeomrocha.com.uy\/index.php?rest_route=\/wp\/v2\/types\/post"}],"author":[{"embeddable":true,"href":"https:\/\/www.adeomrocha.com.uy\/index.php?rest_route=\/wp\/v2\/users\/1"}],"replies":[{"embeddable":true,"href":"https:\/\/www.adeomrocha.com.uy\/index.php?rest_route=%2Fwp%2Fv2%2Fcomments&post=466"}],"version-history":[{"count":2,"href":"https:\/\/www.adeomrocha.com.uy\/index.php?rest_route=\/wp\/v2\/posts\/466\/revisions"}],"predecessor-version":[{"id":470,"href":"https:\/\/www.adeomrocha.com.uy\/index.php?rest_route=\/wp\/v2\/posts\/466\/revisions\/470"}],"wp:featuredmedia":[{"embeddable":true,"href":"https:\/\/www.adeomrocha.com.uy\/index.php?rest_route=\/wp\/v2\/media\/468"}],"wp:attachment":[{"href":"https:\/\/www.adeomrocha.com.uy\/index.php?rest_route=%2Fwp%2Fv2%2Fmedia&parent=466"}],"wp:term":[{"taxonomy":"category","embeddable":true,"href":"https:\/\/www.adeomrocha.com.uy\/index.php?rest_route=%2Fwp%2Fv2%2Fcategories&post=466"},{"taxonomy":"post_tag","embeddable":true,"href":"https:\/\/www.adeomrocha.com.uy\/index.php?rest_route=%2Fwp%2Fv2%2Ftags&post=466"}],"curies":[{"name":"wp","href":"https:\/\/api.w.org\/{rel}","templated":true}]}}