{"id":452,"date":"2016-04-15T15:27:05","date_gmt":"2016-04-15T15:27:05","guid":{"rendered":"http:\/\/www.adeomrocha.com.uy\/?p=452"},"modified":"2016-04-15T15:27:05","modified_gmt":"2016-04-15T15:27:05","slug":"adeom-rocha-solicita-reunion-con-el-intendente","status":"publish","type":"post","link":"https:\/\/www.adeomrocha.com.uy\/?p=452","title":{"rendered":"Adeom Rocha solicita reunion con el Intendente"},"content":{"rendered":"<p>Intendente Departamental de Rocha<\/p>\n<p>An\u00edbal Pereyra<\/p>\n<p>Presente:<\/p>\n<p>De nuestra mayor consideraci\u00f3n:<\/p>\n<p>Por medio de la presente solicitamos a Ud. entrevista a los efectos de plantear inquietudes de los trabajadores con el claro objetivo que nos hemos marcado en estos \u00faltimos a\u00f1os desde ADEOM, tener la capacidad de aportar elementos que enriquezcan el debate y la discusi\u00f3n de los diferentes temas.<\/p>\n<p>En tal sentido queremos realizar planteos referidos a:<\/p>\n<p>* Carrera funcional ascenso<\/p>\n<p>* Presupuestaci\u00f3n de funcionarios<\/p>\n<p>* Ley de inclusi\u00f3n financiera<\/p>\n<p>* Seguridad Laboral<\/p>\n<p>* Sub comisi\u00f3n alcoholismo y drogodependencia<\/p>\n<p>* Entre otros<\/p>\n<p>Sin otro particular, saludan atentamente.<\/p>\n<p>Directiva de Adeom Rocha.<\/p>\n<p>&nbsp;<\/p>\n<p><a href=\"http:\/\/www.adeomrocha.com.uy\/wp-content\/uploads\/2015\/04\/11080014_826195317460122_9092341902889909823_o.jpg\" rel=\"attachment wp-att-309\"><img loading=\"lazy\" decoding=\"async\" class=\"alignnone size-medium wp-image-309\" src=\"http:\/\/www.adeomrocha.com.uy\/wp-content\/uploads\/2015\/04\/11080014_826195317460122_9092341902889909823_o-300x180.jpg\" alt=\"11080014_826195317460122_9092341902889909823_o\" width=\"300\" height=\"180\" srcset=\"https:\/\/www.adeomrocha.com.uy\/wp-content\/uploads\/2015\/04\/11080014_826195317460122_9092341902889909823_o-300x180.jpg 300w, https:\/\/www.adeomrocha.com.uy\/wp-content\/uploads\/2015\/04\/11080014_826195317460122_9092341902889909823_o-1024x614.jpg 1024w, https:\/\/www.adeomrocha.com.uy\/wp-content\/uploads\/2015\/04\/11080014_826195317460122_9092341902889909823_o-210x126.jpg 210w, https:\/\/www.adeomrocha.com.uy\/wp-content\/uploads\/2015\/04\/11080014_826195317460122_9092341902889909823_o.jpg 2048w\" sizes=\"auto, (max-width: 300px) 100vw, 300px\" \/><\/a><\/p>\n","protected":false},"excerpt":{"rendered":"<p>Intendente Departamental de Rocha An\u00edbal Pereyra Presente: De nuestra mayor consideraci\u00f3n: Por medio de la presente solicitamos a Ud. entrevista a los efectos de plantear inquietudes de los trabajadores con el claro objetivo que nos hemos marcado en estos \u00faltimos a\u00f1os desde ADEOM, tener la capacidad de aportar elementos que enriquezcan el debate y la [&hellip;]<\/p>\n","protected":false},"author":1,"featured_media":309,"comment_status":"open","ping_status":"open","sticky":false,"template":"","format":"standard","meta":{"footnotes":""},"categories":[1],"tags":[],"class_list":["post-452","post","type-post","status-publish","format-standard","has-post-thumbnail","hentry","category-sin-categoria"],"_links":{"self":[{"href":"https:\/\/www.adeomrocha.com.uy\/index.php?rest_route=\/wp\/v2\/posts\/452","targetHints":{"allow":["GET"]}}],"collection":[{"href":"https:\/\/www.adeomrocha.com.uy\/index.php?rest_route=\/wp\/v2\/posts"}],"about":[{"href":"https:\/\/www.adeomrocha.com.uy\/index.php?rest_route=\/wp\/v2\/types\/post"}],"author":[{"embeddable":true,"href":"https:\/\/www.adeomrocha.com.uy\/index.php?rest_route=\/wp\/v2\/users\/1"}],"replies":[{"embeddable":true,"href":"https:\/\/www.adeomrocha.com.uy\/index.php?rest_route=%2Fwp%2Fv2%2Fcomments&post=452"}],"version-history":[{"count":1,"href":"https:\/\/www.adeomrocha.com.uy\/index.php?rest_route=\/wp\/v2\/posts\/452\/revisions"}],"predecessor-version":[{"id":453,"href":"https:\/\/www.adeomrocha.com.uy\/index.php?rest_route=\/wp\/v2\/posts\/452\/revisions\/453"}],"wp:featuredmedia":[{"embeddable":true,"href":"https:\/\/www.adeomrocha.com.uy\/index.php?rest_route=\/wp\/v2\/media\/309"}],"wp:attachment":[{"href":"https:\/\/www.adeomrocha.com.uy\/index.php?rest_route=%2Fwp%2Fv2%2Fmedia&parent=452"}],"wp:term":[{"taxonomy":"category","embeddable":true,"href":"https:\/\/www.adeomrocha.com.uy\/index.php?rest_route=%2Fwp%2Fv2%2Fcategories&post=452"},{"taxonomy":"post_tag","embeddable":true,"href":"https:\/\/www.adeomrocha.com.uy\/index.php?rest_route=%2Fwp%2Fv2%2Ftags&post=452"}],"curies":[{"name":"wp","href":"https:\/\/api.w.org\/{rel}","templated":true}]}}