{"id":433,"date":"2016-03-08T20:18:57","date_gmt":"2016-03-08T20:18:57","guid":{"rendered":"http:\/\/www.adeomrocha.com.uy\/?p=433"},"modified":"2016-03-08T20:18:57","modified_gmt":"2016-03-08T20:18:57","slug":"nuestro-saludo-a-las-mujeres","status":"publish","type":"post","link":"https:\/\/www.adeomrocha.com.uy\/?p=433","title":{"rendered":"Nuestro saludo a las Mujeres !!!"},"content":{"rendered":"<p>Adeom Rocha, saluda en el d\u00eda de la mujer, a todas las Mujeres Trabajadoras, por su participaci\u00f3n, en pie de igualdad con el hombre, en la sociedad y en su desarrollo \u00edntegro como persona, art\u00edfices del cambio para construir una sociedad m\u00e1s igualitaria, enmarcada en valores y principios que garanticen el desarrollo de pr\u00f3ximas generaciones. Saludamos a trav\u00e9s de nuestra compa\u00f1era directiva Susana Techera, a todas aquellas mujeres que nos acompa\u00f1an en la tarea diaria de luchar por un futuro mejor. A TODAS NUESTRO SALUDO<\/p>\n<p><a href=\"http:\/\/www.adeomrocha.com.uy\/wp-content\/uploads\/2016\/03\/12794890_986323658113953_874913309590081465_o.jpg\" rel=\"attachment wp-att-434\"><img loading=\"lazy\" decoding=\"async\" class=\"alignnone size-medium wp-image-434\" src=\"http:\/\/www.adeomrocha.com.uy\/wp-content\/uploads\/2016\/03\/12794890_986323658113953_874913309590081465_o-180x300.jpg\" alt=\"12794890_986323658113953_874913309590081465_o\" width=\"180\" height=\"300\" srcset=\"https:\/\/www.adeomrocha.com.uy\/wp-content\/uploads\/2016\/03\/12794890_986323658113953_874913309590081465_o-180x300.jpg 180w, https:\/\/www.adeomrocha.com.uy\/wp-content\/uploads\/2016\/03\/12794890_986323658113953_874913309590081465_o-768x1281.jpg 768w, https:\/\/www.adeomrocha.com.uy\/wp-content\/uploads\/2016\/03\/12794890_986323658113953_874913309590081465_o-614x1024.jpg 614w, https:\/\/www.adeomrocha.com.uy\/wp-content\/uploads\/2016\/03\/12794890_986323658113953_874913309590081465_o-126x210.jpg 126w, https:\/\/www.adeomrocha.com.uy\/wp-content\/uploads\/2016\/03\/12794890_986323658113953_874913309590081465_o.jpg 1228w\" sizes=\"auto, (max-width: 180px) 100vw, 180px\" \/><\/a><\/p>\n","protected":false},"excerpt":{"rendered":"<p>Adeom Rocha, saluda en el d\u00eda de la mujer, a todas las Mujeres Trabajadoras, por su participaci\u00f3n, en pie de igualdad con el hombre, en la sociedad y en su desarrollo \u00edntegro como persona, art\u00edfices del cambio para construir una sociedad m\u00e1s igualitaria, enmarcada en valores y principios que garanticen el desarrollo de pr\u00f3ximas generaciones. [&hellip;]<\/p>\n","protected":false},"author":1,"featured_media":434,"comment_status":"open","ping_status":"open","sticky":false,"template":"","format":"standard","meta":{"footnotes":""},"categories":[1],"tags":[],"class_list":["post-433","post","type-post","status-publish","format-standard","has-post-thumbnail","hentry","category-sin-categoria"],"_links":{"self":[{"href":"https:\/\/www.adeomrocha.com.uy\/index.php?rest_route=\/wp\/v2\/posts\/433","targetHints":{"allow":["GET"]}}],"collection":[{"href":"https:\/\/www.adeomrocha.com.uy\/index.php?rest_route=\/wp\/v2\/posts"}],"about":[{"href":"https:\/\/www.adeomrocha.com.uy\/index.php?rest_route=\/wp\/v2\/types\/post"}],"author":[{"embeddable":true,"href":"https:\/\/www.adeomrocha.com.uy\/index.php?rest_route=\/wp\/v2\/users\/1"}],"replies":[{"embeddable":true,"href":"https:\/\/www.adeomrocha.com.uy\/index.php?rest_route=%2Fwp%2Fv2%2Fcomments&post=433"}],"version-history":[{"count":1,"href":"https:\/\/www.adeomrocha.com.uy\/index.php?rest_route=\/wp\/v2\/posts\/433\/revisions"}],"predecessor-version":[{"id":435,"href":"https:\/\/www.adeomrocha.com.uy\/index.php?rest_route=\/wp\/v2\/posts\/433\/revisions\/435"}],"wp:featuredmedia":[{"embeddable":true,"href":"https:\/\/www.adeomrocha.com.uy\/index.php?rest_route=\/wp\/v2\/media\/434"}],"wp:attachment":[{"href":"https:\/\/www.adeomrocha.com.uy\/index.php?rest_route=%2Fwp%2Fv2%2Fmedia&parent=433"}],"wp:term":[{"taxonomy":"category","embeddable":true,"href":"https:\/\/www.adeomrocha.com.uy\/index.php?rest_route=%2Fwp%2Fv2%2Fcategories&post=433"},{"taxonomy":"post_tag","embeddable":true,"href":"https:\/\/www.adeomrocha.com.uy\/index.php?rest_route=%2Fwp%2Fv2%2Ftags&post=433"}],"curies":[{"name":"wp","href":"https:\/\/api.w.org\/{rel}","templated":true}]}}