{"id":430,"date":"2016-03-08T20:18:04","date_gmt":"2016-03-08T20:18:04","guid":{"rendered":"http:\/\/www.adeomrocha.com.uy\/?p=430"},"modified":"2016-03-08T20:18:04","modified_gmt":"2016-03-08T20:18:04","slug":"dia-de-la-mujer","status":"publish","type":"post","link":"https:\/\/www.adeomrocha.com.uy\/?p=430","title":{"rendered":"Dia de la Mujer"},"content":{"rendered":"<p>COMUNICADO DIA DE LA MUJER.<\/p>\n<p>Adeom Rocha, saluda en el d\u00eda de la mujer, a todas las Mujeres Trabajadoras, por su participaci\u00f3n, en pie de igualdad con el hombre, en la sociedad y en su desarrollo \u00edntegro como persona, art\u00edfices del cambio para construir una sociedad m\u00e1s igualitaria, enmarcada en valores y principios que garanticen el desarrollo de pr\u00f3ximas generaciones.<\/p>\n<p><a href=\"http:\/\/www.adeomrocha.com.uy\/wp-content\/uploads\/2016\/03\/12804774_986302394782746_2927346072428943267_n.jpg\" rel=\"attachment wp-att-431\"><img loading=\"lazy\" decoding=\"async\" class=\"alignnone size-medium wp-image-431\" src=\"http:\/\/www.adeomrocha.com.uy\/wp-content\/uploads\/2016\/03\/12804774_986302394782746_2927346072428943267_n-300x169.jpg\" alt=\"12804774_986302394782746_2927346072428943267_n\" width=\"300\" height=\"169\" srcset=\"https:\/\/www.adeomrocha.com.uy\/wp-content\/uploads\/2016\/03\/12804774_986302394782746_2927346072428943267_n-300x169.jpg 300w, https:\/\/www.adeomrocha.com.uy\/wp-content\/uploads\/2016\/03\/12804774_986302394782746_2927346072428943267_n-210x118.jpg 210w, https:\/\/www.adeomrocha.com.uy\/wp-content\/uploads\/2016\/03\/12804774_986302394782746_2927346072428943267_n.jpg 628w\" sizes=\"auto, (max-width: 300px) 100vw, 300px\" \/><\/a><\/p>\n","protected":false},"excerpt":{"rendered":"<p>COMUNICADO DIA DE LA MUJER. Adeom Rocha, saluda en el d\u00eda de la mujer, a todas las Mujeres Trabajadoras, por su participaci\u00f3n, en pie de igualdad con el hombre, en la sociedad y en su desarrollo \u00edntegro como persona, art\u00edfices del cambio para construir una sociedad m\u00e1s igualitaria, enmarcada en valores y principios que garanticen [&hellip;]<\/p>\n","protected":false},"author":1,"featured_media":431,"comment_status":"open","ping_status":"open","sticky":false,"template":"","format":"standard","meta":{"footnotes":""},"categories":[1],"tags":[],"class_list":["post-430","post","type-post","status-publish","format-standard","has-post-thumbnail","hentry","category-sin-categoria"],"_links":{"self":[{"href":"https:\/\/www.adeomrocha.com.uy\/index.php?rest_route=\/wp\/v2\/posts\/430","targetHints":{"allow":["GET"]}}],"collection":[{"href":"https:\/\/www.adeomrocha.com.uy\/index.php?rest_route=\/wp\/v2\/posts"}],"about":[{"href":"https:\/\/www.adeomrocha.com.uy\/index.php?rest_route=\/wp\/v2\/types\/post"}],"author":[{"embeddable":true,"href":"https:\/\/www.adeomrocha.com.uy\/index.php?rest_route=\/wp\/v2\/users\/1"}],"replies":[{"embeddable":true,"href":"https:\/\/www.adeomrocha.com.uy\/index.php?rest_route=%2Fwp%2Fv2%2Fcomments&post=430"}],"version-history":[{"count":1,"href":"https:\/\/www.adeomrocha.com.uy\/index.php?rest_route=\/wp\/v2\/posts\/430\/revisions"}],"predecessor-version":[{"id":432,"href":"https:\/\/www.adeomrocha.com.uy\/index.php?rest_route=\/wp\/v2\/posts\/430\/revisions\/432"}],"wp:featuredmedia":[{"embeddable":true,"href":"https:\/\/www.adeomrocha.com.uy\/index.php?rest_route=\/wp\/v2\/media\/431"}],"wp:attachment":[{"href":"https:\/\/www.adeomrocha.com.uy\/index.php?rest_route=%2Fwp%2Fv2%2Fmedia&parent=430"}],"wp:term":[{"taxonomy":"category","embeddable":true,"href":"https:\/\/www.adeomrocha.com.uy\/index.php?rest_route=%2Fwp%2Fv2%2Fcategories&post=430"},{"taxonomy":"post_tag","embeddable":true,"href":"https:\/\/www.adeomrocha.com.uy\/index.php?rest_route=%2Fwp%2Fv2%2Ftags&post=430"}],"curies":[{"name":"wp","href":"https:\/\/api.w.org\/{rel}","templated":true}]}}