{"id":408,"date":"2016-02-23T14:51:09","date_gmt":"2016-02-23T14:51:09","guid":{"rendered":"http:\/\/www.adeomrocha.com.uy\/?p=408"},"modified":"2016-02-23T14:52:25","modified_gmt":"2016-02-23T14:52:25","slug":"asamblea-de-inspectores-de-transito","status":"publish","type":"post","link":"https:\/\/www.adeomrocha.com.uy\/?p=408","title":{"rendered":"ASAMBLEA DE INSPECTORES DE TRANSITO"},"content":{"rendered":"<p><a href=\"http:\/\/www.adeomrocha.com.uy\/wp-content\/uploads\/2016\/02\/inspectores.jpg\" rel=\"attachment wp-att-409\"><img loading=\"lazy\" decoding=\"async\" class=\"alignnone size-medium wp-image-409\" src=\"http:\/\/www.adeomrocha.com.uy\/wp-content\/uploads\/2016\/02\/inspectores-300x169.jpg\" alt=\"inspectores\" width=\"300\" height=\"169\" srcset=\"https:\/\/www.adeomrocha.com.uy\/wp-content\/uploads\/2016\/02\/inspectores-300x169.jpg 300w, https:\/\/www.adeomrocha.com.uy\/wp-content\/uploads\/2016\/02\/inspectores-768x432.jpg 768w, https:\/\/www.adeomrocha.com.uy\/wp-content\/uploads\/2016\/02\/inspectores-1024x576.jpg 1024w, https:\/\/www.adeomrocha.com.uy\/wp-content\/uploads\/2016\/02\/inspectores-210x118.jpg 210w, https:\/\/www.adeomrocha.com.uy\/wp-content\/uploads\/2016\/02\/inspectores.jpg 1920w\" sizes=\"auto, (max-width: 300px) 100vw, 300px\" \/><\/a><\/p>\n<p>COMUNICADO.<\/p>\n<p>Con relaci\u00f3n a las amonestaciones y\/o sanciones que puedan surgir a inspectores de tr\u00e1nsito y las denuncias de persecuci\u00f3n y acoso laboral presentado por los compa\u00f1eros inspectores de Rocha contra el Director de Tr\u00e1nsito, la directiva de ADEOM resuelve: Llamar a para el d\u00eda jueves 25 de Febrero hora 10:00 en la sede de ADEOM ROCHA.<\/p>\n<p>Con el siguiente orden:<\/p>\n<p>1) Informe sobre los recursos jur\u00eddicos presentados por el sindicato. 2) Informe de los compa\u00f1eros inspectores implicados en los casos denunciados. 3) Informaci\u00f3n de lo actuado en comisi\u00f3n bipartita de inspectores ADEOM\/IDR 4) Definici\u00f3n de la asamblea sobre los pasos a seguir.<\/p>\n<p>ANDRES DE LOS SANTOS FERNANDO DE LEON PRESIDENTE SEC GENERAL<\/p>\n<p>ADEOM Rocha \u201cSolidaridad y Lucha\u201d \u2013 Agust\u00edn Peri Email: directiva@adeomrocha.com.uy \u2013 telefax. 44724667<\/p>\n","protected":false},"excerpt":{"rendered":"<p>COMUNICADO. Con relaci\u00f3n a las amonestaciones y\/o sanciones que puedan surgir a inspectores de tr\u00e1nsito y las denuncias de persecuci\u00f3n y acoso laboral presentado por los compa\u00f1eros inspectores de Rocha contra el Director de Tr\u00e1nsito, la directiva de ADEOM resuelve: Llamar a para el d\u00eda jueves 25 de Febrero hora 10:00 en la sede de [&hellip;]<\/p>\n","protected":false},"author":1,"featured_media":409,"comment_status":"open","ping_status":"open","sticky":false,"template":"","format":"standard","meta":{"footnotes":""},"categories":[1],"tags":[],"class_list":["post-408","post","type-post","status-publish","format-standard","has-post-thumbnail","hentry","category-sin-categoria"],"_links":{"self":[{"href":"https:\/\/www.adeomrocha.com.uy\/index.php?rest_route=\/wp\/v2\/posts\/408","targetHints":{"allow":["GET"]}}],"collection":[{"href":"https:\/\/www.adeomrocha.com.uy\/index.php?rest_route=\/wp\/v2\/posts"}],"about":[{"href":"https:\/\/www.adeomrocha.com.uy\/index.php?rest_route=\/wp\/v2\/types\/post"}],"author":[{"embeddable":true,"href":"https:\/\/www.adeomrocha.com.uy\/index.php?rest_route=\/wp\/v2\/users\/1"}],"replies":[{"embeddable":true,"href":"https:\/\/www.adeomrocha.com.uy\/index.php?rest_route=%2Fwp%2Fv2%2Fcomments&post=408"}],"version-history":[{"count":1,"href":"https:\/\/www.adeomrocha.com.uy\/index.php?rest_route=\/wp\/v2\/posts\/408\/revisions"}],"predecessor-version":[{"id":410,"href":"https:\/\/www.adeomrocha.com.uy\/index.php?rest_route=\/wp\/v2\/posts\/408\/revisions\/410"}],"wp:featuredmedia":[{"embeddable":true,"href":"https:\/\/www.adeomrocha.com.uy\/index.php?rest_route=\/wp\/v2\/media\/409"}],"wp:attachment":[{"href":"https:\/\/www.adeomrocha.com.uy\/index.php?rest_route=%2Fwp%2Fv2%2Fmedia&parent=408"}],"wp:term":[{"taxonomy":"category","embeddable":true,"href":"https:\/\/www.adeomrocha.com.uy\/index.php?rest_route=%2Fwp%2Fv2%2Fcategories&post=408"},{"taxonomy":"post_tag","embeddable":true,"href":"https:\/\/www.adeomrocha.com.uy\/index.php?rest_route=%2Fwp%2Fv2%2Ftags&post=408"}],"curies":[{"name":"wp","href":"https:\/\/api.w.org\/{rel}","templated":true}]}}