{"id":328,"date":"2015-07-21T16:00:12","date_gmt":"2015-07-21T16:00:12","guid":{"rendered":"http:\/\/www.adeomrocha.com.uy\/?p=328"},"modified":"2015-07-21T16:06:13","modified_gmt":"2015-07-21T16:06:13","slug":"movilizacion","status":"publish","type":"post","link":"https:\/\/www.adeomrocha.com.uy\/?p=328","title":{"rendered":"Movilizacion&#8230;."},"content":{"rendered":"<p>&nbsp;<\/p>\n<p>&nbsp;<\/p>\n<p>ADEOM hoy en el Programa Pan y Circo de FM CADENA DEL SOL, conducido por el Periodista Pablo Vazquez y con nuestra colaboraci\u00f3n en el Panel informativo. Estamos entrevistando al Presidente de ADEOM Andr\u00e9s de los Santos y el Directivo Guillermo Mier.<br \/>\nInforman sobre movilizaci\u00f3n de ma\u00f1ana mi\u00e9rcoles 22\/7 de 9 a 12hs, con paro general parcial de todos los municipales del pa\u00eds. Contra las pautas salariales del gobierno, contra la rebaja salarial.<br \/>\nEspec\u00edficamente en Rocha, piden s<span class=\"text_exposed_show\">ueldos base consistentes en 2 salarios m\u00ednimos nacionales (alrededor de $20.000)<br \/>\nAdem\u00e1s piden que se haga p\u00fablico el sueldo que cobra el personal de confianza, cumpliendo igual tareas que funcionarios de carrera.<br \/>\nResponden a la pregunta de un oyente, de porque la <a id=\"js_3n\" class=\"profileLink\" href=\"https:\/\/www.facebook.com\/pages\/Intendencia-Departamental-de-Rocha\/1559621827605175\" data-hovercard=\"\/ajax\/hovercard\/page.php?id=1559621827605175\">Intendencia Departamental de Rocha<\/a> contrata empresas privadas, teniendo funcionarios capacitados para hacer el mismo trabajo. Se manifiestan en contra de esa situaci\u00f3n, indicando que deben cuidarse los recursos, utilizando eficazmente los RRHH existentes. Expresan que varios pedidos de informaci\u00f3n remitidos al ex Intendente Barrios, no fueron respondidos y ahora ser\u00e1n reiterados al Intendente Anibal Pereyra.<\/span><\/p>\n<p>&nbsp;<\/p>\n<p>Escribe: Blanca Repetto.<\/p>\n<p>Fuente: Facebook.<\/p>\n<p>&nbsp;<\/p>\n<p><a href=\"http:\/\/www.adeomrocha.com.uy\/wp-content\/uploads\/2015\/07\/11722418_10206404532287621_4039469092174768039_o.jpg\"><img loading=\"lazy\" decoding=\"async\" class=\"alignnone size-medium wp-image-329\" src=\"http:\/\/www.adeomrocha.com.uy\/wp-content\/uploads\/2015\/07\/11722418_10206404532287621_4039469092174768039_o-300x225.jpg\" alt=\"11722418_10206404532287621_4039469092174768039_o\" width=\"300\" height=\"225\" srcset=\"https:\/\/www.adeomrocha.com.uy\/wp-content\/uploads\/2015\/07\/11722418_10206404532287621_4039469092174768039_o-300x225.jpg 300w, https:\/\/www.adeomrocha.com.uy\/wp-content\/uploads\/2015\/07\/11722418_10206404532287621_4039469092174768039_o.jpg 1024w, https:\/\/www.adeomrocha.com.uy\/wp-content\/uploads\/2015\/07\/11722418_10206404532287621_4039469092174768039_o-210x158.jpg 210w\" sizes=\"auto, (max-width: 300px) 100vw, 300px\" \/><\/a><\/p>\n","protected":false},"excerpt":{"rendered":"<p>&nbsp; &nbsp; ADEOM hoy en el Programa Pan y Circo de FM CADENA DEL SOL, conducido por el Periodista Pablo Vazquez y con nuestra colaboraci\u00f3n en el Panel informativo. Estamos entrevistando al Presidente de ADEOM Andr\u00e9s de los Santos y el Directivo Guillermo Mier. Informan sobre movilizaci\u00f3n de ma\u00f1ana mi\u00e9rcoles 22\/7 de 9 a 12hs, [&hellip;]<\/p>\n","protected":false},"author":1,"featured_media":329,"comment_status":"open","ping_status":"open","sticky":false,"template":"","format":"standard","meta":{"footnotes":""},"categories":[1],"tags":[],"class_list":["post-328","post","type-post","status-publish","format-standard","has-post-thumbnail","hentry","category-sin-categoria"],"_links":{"self":[{"href":"https:\/\/www.adeomrocha.com.uy\/index.php?rest_route=\/wp\/v2\/posts\/328","targetHints":{"allow":["GET"]}}],"collection":[{"href":"https:\/\/www.adeomrocha.com.uy\/index.php?rest_route=\/wp\/v2\/posts"}],"about":[{"href":"https:\/\/www.adeomrocha.com.uy\/index.php?rest_route=\/wp\/v2\/types\/post"}],"author":[{"embeddable":true,"href":"https:\/\/www.adeomrocha.com.uy\/index.php?rest_route=\/wp\/v2\/users\/1"}],"replies":[{"embeddable":true,"href":"https:\/\/www.adeomrocha.com.uy\/index.php?rest_route=%2Fwp%2Fv2%2Fcomments&post=328"}],"version-history":[{"count":3,"href":"https:\/\/www.adeomrocha.com.uy\/index.php?rest_route=\/wp\/v2\/posts\/328\/revisions"}],"predecessor-version":[{"id":332,"href":"https:\/\/www.adeomrocha.com.uy\/index.php?rest_route=\/wp\/v2\/posts\/328\/revisions\/332"}],"wp:featuredmedia":[{"embeddable":true,"href":"https:\/\/www.adeomrocha.com.uy\/index.php?rest_route=\/wp\/v2\/media\/329"}],"wp:attachment":[{"href":"https:\/\/www.adeomrocha.com.uy\/index.php?rest_route=%2Fwp%2Fv2%2Fmedia&parent=328"}],"wp:term":[{"taxonomy":"category","embeddable":true,"href":"https:\/\/www.adeomrocha.com.uy\/index.php?rest_route=%2Fwp%2Fv2%2Fcategories&post=328"},{"taxonomy":"post_tag","embeddable":true,"href":"https:\/\/www.adeomrocha.com.uy\/index.php?rest_route=%2Fwp%2Fv2%2Ftags&post=328"}],"curies":[{"name":"wp","href":"https:\/\/api.w.org\/{rel}","templated":true}]}}