{"id":3100,"date":"2025-05-22T12:53:35","date_gmt":"2025-05-22T12:53:35","guid":{"rendered":"https:\/\/www.adeomrocha.com.uy\/?p=3100"},"modified":"2025-05-22T12:53:35","modified_gmt":"2025-05-22T12:53:35","slug":"primer-acercamiento-con-la-asociacion-de-guardavidas-de-rocha","status":"publish","type":"post","link":"https:\/\/www.adeomrocha.com.uy\/?p=3100","title":{"rendered":"Primer acercamiento con la Asociaci\u00f3n de Guardavidas de Rocha"},"content":{"rendered":"\n<p>Este martes por la ma\u00f1ana se realiz\u00f3 una reuni\u00f3n entre ADEOM Rocha y la Asociaci\u00f3n de Guardavidas de Rocha, en la sede del sindicato. El encuentro fue solicitado por el gremio de guardavidas, que actualmente nuclea a 145 trabajadores zafrales que cumplen funciones en la Intendencia.<\/p>\n\n\n\n<p>El presidente en ejercicio de ADEOM, Sebasti\u00e1n Echeto, se\u00f1al\u00f3 que fue una primera instancia de di\u00e1logo \u201cpara poner en com\u00fan c\u00f3mo trabajan ambos gremios\u201d y con la intenci\u00f3n de \u201cavanzar en el futuro en temas de inter\u00e9s compartido\u201d.<\/p>\n\n\n\n<p>Desde ADEOM se valor\u00f3 positivamente este primer contacto, que abre la posibilidad de construir v\u00ednculos de trabajo conjunto en defensa de los derechos de todos los trabajadores municipales.<\/p>\n\n\n\n<figure class=\"wp-block-gallery has-nested-images columns-default is-cropped wp-block-gallery-1 is-layout-flex wp-block-gallery-is-layout-flex\">\n<figure class=\"wp-block-image size-large\"><a href=\"https:\/\/www.adeomrocha.com.uy\/wp-content\/uploads\/2025\/05\/IMG_20250520_103431-scaled.jpg\"><img loading=\"lazy\" decoding=\"async\" width=\"1024\" height=\"768\" data-id=\"3108\" src=\"https:\/\/www.adeomrocha.com.uy\/wp-content\/uploads\/2025\/05\/IMG_20250520_103431-1024x768.jpg\" alt=\"\" class=\"wp-image-3108\" srcset=\"https:\/\/www.adeomrocha.com.uy\/wp-content\/uploads\/2025\/05\/IMG_20250520_103431-1024x768.jpg 1024w, https:\/\/www.adeomrocha.com.uy\/wp-content\/uploads\/2025\/05\/IMG_20250520_103431-300x225.jpg 300w, https:\/\/www.adeomrocha.com.uy\/wp-content\/uploads\/2025\/05\/IMG_20250520_103431-768x576.jpg 768w, https:\/\/www.adeomrocha.com.uy\/wp-content\/uploads\/2025\/05\/IMG_20250520_103431-1536x1152.jpg 1536w, https:\/\/www.adeomrocha.com.uy\/wp-content\/uploads\/2025\/05\/IMG_20250520_103431-2048x1536.jpg 2048w\" sizes=\"auto, (max-width: 1024px) 100vw, 1024px\" \/><\/a><\/figure>\n\n\n\n<figure class=\"wp-block-image size-large\"><a href=\"https:\/\/www.adeomrocha.com.uy\/wp-content\/uploads\/2025\/05\/IMG_20250520_103453-scaled.jpg\"><img loading=\"lazy\" decoding=\"async\" width=\"1024\" height=\"768\" data-id=\"3105\" src=\"https:\/\/www.adeomrocha.com.uy\/wp-content\/uploads\/2025\/05\/IMG_20250520_103453-1024x768.jpg\" alt=\"\" class=\"wp-image-3105\" srcset=\"https:\/\/www.adeomrocha.com.uy\/wp-content\/uploads\/2025\/05\/IMG_20250520_103453-1024x768.jpg 1024w, https:\/\/www.adeomrocha.com.uy\/wp-content\/uploads\/2025\/05\/IMG_20250520_103453-300x225.jpg 300w, https:\/\/www.adeomrocha.com.uy\/wp-content\/uploads\/2025\/05\/IMG_20250520_103453-768x576.jpg 768w, https:\/\/www.adeomrocha.com.uy\/wp-content\/uploads\/2025\/05\/IMG_20250520_103453-1536x1152.jpg 1536w, https:\/\/www.adeomrocha.com.uy\/wp-content\/uploads\/2025\/05\/IMG_20250520_103453-2048x1536.jpg 2048w\" sizes=\"auto, (max-width: 1024px) 100vw, 1024px\" \/><\/a><\/figure>\n\n\n\n<figure class=\"wp-block-image size-large\"><a href=\"https:\/\/www.adeomrocha.com.uy\/wp-content\/uploads\/2025\/05\/IMG_20250520_103259-scaled.jpg\"><img loading=\"lazy\" decoding=\"async\" width=\"1024\" height=\"768\" data-id=\"3110\" src=\"https:\/\/www.adeomrocha.com.uy\/wp-content\/uploads\/2025\/05\/IMG_20250520_103259-1024x768.jpg\" alt=\"\" class=\"wp-image-3110\" srcset=\"https:\/\/www.adeomrocha.com.uy\/wp-content\/uploads\/2025\/05\/IMG_20250520_103259-1024x768.jpg 1024w, https:\/\/www.adeomrocha.com.uy\/wp-content\/uploads\/2025\/05\/IMG_20250520_103259-300x225.jpg 300w, https:\/\/www.adeomrocha.com.uy\/wp-content\/uploads\/2025\/05\/IMG_20250520_103259-768x576.jpg 768w, https:\/\/www.adeomrocha.com.uy\/wp-content\/uploads\/2025\/05\/IMG_20250520_103259-1536x1152.jpg 1536w, https:\/\/www.adeomrocha.com.uy\/wp-content\/uploads\/2025\/05\/IMG_20250520_103259-2048x1536.jpg 2048w\" sizes=\"auto, (max-width: 1024px) 100vw, 1024px\" \/><\/a><\/figure>\n\n\n\n<figure class=\"wp-block-image size-large\"><a href=\"https:\/\/www.adeomrocha.com.uy\/wp-content\/uploads\/2025\/05\/IMG_20250520_103308-scaled.jpg\"><img loading=\"lazy\" decoding=\"async\" width=\"1024\" height=\"768\" data-id=\"3106\" src=\"https:\/\/www.adeomrocha.com.uy\/wp-content\/uploads\/2025\/05\/IMG_20250520_103308-1024x768.jpg\" alt=\"\" class=\"wp-image-3106\" srcset=\"https:\/\/www.adeomrocha.com.uy\/wp-content\/uploads\/2025\/05\/IMG_20250520_103308-1024x768.jpg 1024w, https:\/\/www.adeomrocha.com.uy\/wp-content\/uploads\/2025\/05\/IMG_20250520_103308-300x225.jpg 300w, https:\/\/www.adeomrocha.com.uy\/wp-content\/uploads\/2025\/05\/IMG_20250520_103308-768x576.jpg 768w, https:\/\/www.adeomrocha.com.uy\/wp-content\/uploads\/2025\/05\/IMG_20250520_103308-1536x1152.jpg 1536w, https:\/\/www.adeomrocha.com.uy\/wp-content\/uploads\/2025\/05\/IMG_20250520_103308-2048x1536.jpg 2048w\" sizes=\"auto, (max-width: 1024px) 100vw, 1024px\" \/><\/a><\/figure>\n\n\n\n<figure class=\"wp-block-image size-large\"><a href=\"https:\/\/www.adeomrocha.com.uy\/wp-content\/uploads\/2025\/05\/IMG_20250520_103309.jpg\"><img loading=\"lazy\" decoding=\"async\" width=\"799\" height=\"599\" data-id=\"3102\" src=\"https:\/\/www.adeomrocha.com.uy\/wp-content\/uploads\/2025\/05\/IMG_20250520_103309.jpg\" alt=\"\" class=\"wp-image-3102\" srcset=\"https:\/\/www.adeomrocha.com.uy\/wp-content\/uploads\/2025\/05\/IMG_20250520_103309.jpg 799w, https:\/\/www.adeomrocha.com.uy\/wp-content\/uploads\/2025\/05\/IMG_20250520_103309-300x225.jpg 300w, https:\/\/www.adeomrocha.com.uy\/wp-content\/uploads\/2025\/05\/IMG_20250520_103309-768x576.jpg 768w\" sizes=\"auto, (max-width: 799px) 100vw, 799px\" \/><\/a><\/figure>\n\n\n\n<figure class=\"wp-block-image size-large\"><a href=\"https:\/\/www.adeomrocha.com.uy\/wp-content\/uploads\/2025\/05\/IMG_20250520_103316-scaled.jpg\"><img loading=\"lazy\" decoding=\"async\" width=\"1024\" height=\"769\" data-id=\"3103\" src=\"https:\/\/www.adeomrocha.com.uy\/wp-content\/uploads\/2025\/05\/IMG_20250520_103316-1024x769.jpg\" alt=\"\" class=\"wp-image-3103\" srcset=\"https:\/\/www.adeomrocha.com.uy\/wp-content\/uploads\/2025\/05\/IMG_20250520_103316-1024x769.jpg 1024w, https:\/\/www.adeomrocha.com.uy\/wp-content\/uploads\/2025\/05\/IMG_20250520_103316-300x225.jpg 300w, https:\/\/www.adeomrocha.com.uy\/wp-content\/uploads\/2025\/05\/IMG_20250520_103316-768x577.jpg 768w, https:\/\/www.adeomrocha.com.uy\/wp-content\/uploads\/2025\/05\/IMG_20250520_103316-1536x1154.jpg 1536w, https:\/\/www.adeomrocha.com.uy\/wp-content\/uploads\/2025\/05\/IMG_20250520_103316-2048x1538.jpg 2048w\" sizes=\"auto, (max-width: 1024px) 100vw, 1024px\" \/><\/a><\/figure>\n\n\n\n<figure class=\"wp-block-image size-large\"><a href=\"https:\/\/www.adeomrocha.com.uy\/wp-content\/uploads\/2025\/05\/IMG_20250520_103427-scaled.jpg\"><img loading=\"lazy\" decoding=\"async\" width=\"1024\" height=\"768\" data-id=\"3107\" src=\"https:\/\/www.adeomrocha.com.uy\/wp-content\/uploads\/2025\/05\/IMG_20250520_103427-1024x768.jpg\" alt=\"\" class=\"wp-image-3107\" srcset=\"https:\/\/www.adeomrocha.com.uy\/wp-content\/uploads\/2025\/05\/IMG_20250520_103427-1024x768.jpg 1024w, https:\/\/www.adeomrocha.com.uy\/wp-content\/uploads\/2025\/05\/IMG_20250520_103427-300x225.jpg 300w, https:\/\/www.adeomrocha.com.uy\/wp-content\/uploads\/2025\/05\/IMG_20250520_103427-768x576.jpg 768w, https:\/\/www.adeomrocha.com.uy\/wp-content\/uploads\/2025\/05\/IMG_20250520_103427-1536x1152.jpg 1536w, https:\/\/www.adeomrocha.com.uy\/wp-content\/uploads\/2025\/05\/IMG_20250520_103427-2048x1536.jpg 2048w\" sizes=\"auto, (max-width: 1024px) 100vw, 1024px\" \/><\/a><\/figure>\n<\/figure>\n","protected":false},"excerpt":{"rendered":"<p>Este martes por la ma\u00f1ana se realiz\u00f3 una reuni\u00f3n entre ADEOM Rocha y la Asociaci\u00f3n de Guardavidas de Rocha, en la sede del sindicato. El encuentro fue solicitado por el gremio de guardavidas, que actualmente nuclea a 145 trabajadores zafrales que cumplen funciones en la Intendencia. El presidente en ejercicio de ADEOM, Sebasti\u00e1n Echeto, se\u00f1al\u00f3 [&hellip;]<\/p>\n","protected":false},"author":1,"featured_media":3101,"comment_status":"open","ping_status":"open","sticky":false,"template":"","format":"standard","meta":{"footnotes":""},"categories":[1],"tags":[],"class_list":["post-3100","post","type-post","status-publish","format-standard","has-post-thumbnail","hentry","category-sin-categoria"],"_links":{"self":[{"href":"https:\/\/www.adeomrocha.com.uy\/index.php?rest_route=\/wp\/v2\/posts\/3100","targetHints":{"allow":["GET"]}}],"collection":[{"href":"https:\/\/www.adeomrocha.com.uy\/index.php?rest_route=\/wp\/v2\/posts"}],"about":[{"href":"https:\/\/www.adeomrocha.com.uy\/index.php?rest_route=\/wp\/v2\/types\/post"}],"author":[{"embeddable":true,"href":"https:\/\/www.adeomrocha.com.uy\/index.php?rest_route=\/wp\/v2\/users\/1"}],"replies":[{"embeddable":true,"href":"https:\/\/www.adeomrocha.com.uy\/index.php?rest_route=%2Fwp%2Fv2%2Fcomments&post=3100"}],"version-history":[{"count":1,"href":"https:\/\/www.adeomrocha.com.uy\/index.php?rest_route=\/wp\/v2\/posts\/3100\/revisions"}],"predecessor-version":[{"id":3111,"href":"https:\/\/www.adeomrocha.com.uy\/index.php?rest_route=\/wp\/v2\/posts\/3100\/revisions\/3111"}],"wp:featuredmedia":[{"embeddable":true,"href":"https:\/\/www.adeomrocha.com.uy\/index.php?rest_route=\/wp\/v2\/media\/3101"}],"wp:attachment":[{"href":"https:\/\/www.adeomrocha.com.uy\/index.php?rest_route=%2Fwp%2Fv2%2Fmedia&parent=3100"}],"wp:term":[{"taxonomy":"category","embeddable":true,"href":"https:\/\/www.adeomrocha.com.uy\/index.php?rest_route=%2Fwp%2Fv2%2Fcategories&post=3100"},{"taxonomy":"post_tag","embeddable":true,"href":"https:\/\/www.adeomrocha.com.uy\/index.php?rest_route=%2Fwp%2Fv2%2Ftags&post=3100"}],"curies":[{"name":"wp","href":"https:\/\/api.w.org\/{rel}","templated":true}]}}