{"id":3086,"date":"2025-05-21T17:53:05","date_gmt":"2025-05-21T17:53:05","guid":{"rendered":"https:\/\/www.adeomrocha.com.uy\/?p=3086"},"modified":"2025-05-21T17:53:05","modified_gmt":"2025-05-21T17:53:05","slug":"adeom-y-el-ejecutivo-fijaron-plazo-para-finalizar-la-carrera-funcional","status":"publish","type":"post","link":"https:\/\/www.adeomrocha.com.uy\/?p=3086","title":{"rendered":"ADEOM y el Ejecutivo fijaron plazo para finalizar la carrera funcional"},"content":{"rendered":"\n<p>Este martes al mediod\u00eda se llev\u00f3 a cabo una importante reuni\u00f3n entre ADEOM Rocha y autoridades del Ejecutivo departamental, con el objetivo de destrabar el proceso de carrera funcional.<\/p>\n\n\n\n<p>Participaron del encuentro la directiva del sindicato, las comisiones de T\u00e1ctica y Presupuesto, y funcionarios municipales. Por el Ejecutivo estuvo presente el director de Administraci\u00f3n, Eduardo P\u00edriz.<\/p>\n\n\n\n<p>El presidente de ADEOM, Sebasti\u00e1n Echeto, inform\u00f3 que se acord\u00f3 con el Ejecutivo que el concurso de ascensos finalizar\u00e1 entre junio y julio, con los funcionarios ocupando sus nuevos cargos presupuestales.<\/p>\n\n\n\n<p>Adem\u00e1s, el sindicato se comprometi\u00f3 a colaborar activamente en el proceso de notificaci\u00f3n, utilizando todos sus medios para agilizar los tiempos y acompa\u00f1ar el desarrollo del concurso hasta su culminaci\u00f3n.<\/p>\n\n\n\n<p>Se trata de un avance importante para los trabajadores, que esperan desde hace a\u00f1os el reconocimiento a su esfuerzo y el cumplimiento del proceso de carrera funcional.<\/p>\n\n\n\n<figure class=\"wp-block-gallery has-nested-images columns-default is-cropped wp-block-gallery-1 is-layout-flex wp-block-gallery-is-layout-flex\">\n<figure class=\"wp-block-image size-large\"><a href=\"https:\/\/www.adeomrocha.com.uy\/wp-content\/uploads\/2025\/05\/IMG_20250520_114526.jpg\"><img loading=\"lazy\" decoding=\"async\" width=\"799\" height=\"599\" data-id=\"3088\" src=\"https:\/\/www.adeomrocha.com.uy\/wp-content\/uploads\/2025\/05\/IMG_20250520_114526.jpg\" alt=\"\" class=\"wp-image-3088\" srcset=\"https:\/\/www.adeomrocha.com.uy\/wp-content\/uploads\/2025\/05\/IMG_20250520_114526.jpg 799w, https:\/\/www.adeomrocha.com.uy\/wp-content\/uploads\/2025\/05\/IMG_20250520_114526-300x225.jpg 300w, https:\/\/www.adeomrocha.com.uy\/wp-content\/uploads\/2025\/05\/IMG_20250520_114526-768x576.jpg 768w\" sizes=\"auto, (max-width: 799px) 100vw, 799px\" \/><\/a><\/figure>\n\n\n\n<figure class=\"wp-block-image size-large\"><a href=\"https:\/\/www.adeomrocha.com.uy\/wp-content\/uploads\/2025\/05\/IMG_20250520_114258.jpg\"><img loading=\"lazy\" decoding=\"async\" width=\"799\" height=\"599\" data-id=\"3092\" src=\"https:\/\/www.adeomrocha.com.uy\/wp-content\/uploads\/2025\/05\/IMG_20250520_114258.jpg\" alt=\"\" class=\"wp-image-3092\" srcset=\"https:\/\/www.adeomrocha.com.uy\/wp-content\/uploads\/2025\/05\/IMG_20250520_114258.jpg 799w, https:\/\/www.adeomrocha.com.uy\/wp-content\/uploads\/2025\/05\/IMG_20250520_114258-300x225.jpg 300w, https:\/\/www.adeomrocha.com.uy\/wp-content\/uploads\/2025\/05\/IMG_20250520_114258-768x576.jpg 768w\" sizes=\"auto, (max-width: 799px) 100vw, 799px\" \/><\/a><\/figure>\n\n\n\n<figure class=\"wp-block-image size-large\"><a href=\"https:\/\/www.adeomrocha.com.uy\/wp-content\/uploads\/2025\/05\/IMG_20250520_114318.jpg\"><img loading=\"lazy\" decoding=\"async\" width=\"799\" height=\"599\" data-id=\"3089\" src=\"https:\/\/www.adeomrocha.com.uy\/wp-content\/uploads\/2025\/05\/IMG_20250520_114318.jpg\" alt=\"\" class=\"wp-image-3089\" srcset=\"https:\/\/www.adeomrocha.com.uy\/wp-content\/uploads\/2025\/05\/IMG_20250520_114318.jpg 799w, https:\/\/www.adeomrocha.com.uy\/wp-content\/uploads\/2025\/05\/IMG_20250520_114318-300x225.jpg 300w, https:\/\/www.adeomrocha.com.uy\/wp-content\/uploads\/2025\/05\/IMG_20250520_114318-768x576.jpg 768w\" sizes=\"auto, (max-width: 799px) 100vw, 799px\" \/><\/a><\/figure>\n\n\n\n<figure class=\"wp-block-image size-large\"><a href=\"https:\/\/www.adeomrocha.com.uy\/wp-content\/uploads\/2025\/05\/IMG_20250520_114345.jpg\"><img loading=\"lazy\" decoding=\"async\" width=\"799\" height=\"599\" data-id=\"3094\" src=\"https:\/\/www.adeomrocha.com.uy\/wp-content\/uploads\/2025\/05\/IMG_20250520_114345.jpg\" alt=\"\" class=\"wp-image-3094\" srcset=\"https:\/\/www.adeomrocha.com.uy\/wp-content\/uploads\/2025\/05\/IMG_20250520_114345.jpg 799w, https:\/\/www.adeomrocha.com.uy\/wp-content\/uploads\/2025\/05\/IMG_20250520_114345-300x225.jpg 300w, https:\/\/www.adeomrocha.com.uy\/wp-content\/uploads\/2025\/05\/IMG_20250520_114345-768x576.jpg 768w\" sizes=\"auto, (max-width: 799px) 100vw, 799px\" \/><\/a><\/figure>\n\n\n\n<figure class=\"wp-block-image size-large\"><a href=\"https:\/\/www.adeomrocha.com.uy\/wp-content\/uploads\/2025\/05\/IMG_20250520_114348.jpg\"><img loading=\"lazy\" decoding=\"async\" width=\"799\" height=\"599\" data-id=\"3093\" src=\"https:\/\/www.adeomrocha.com.uy\/wp-content\/uploads\/2025\/05\/IMG_20250520_114348.jpg\" alt=\"\" class=\"wp-image-3093\" srcset=\"https:\/\/www.adeomrocha.com.uy\/wp-content\/uploads\/2025\/05\/IMG_20250520_114348.jpg 799w, https:\/\/www.adeomrocha.com.uy\/wp-content\/uploads\/2025\/05\/IMG_20250520_114348-300x225.jpg 300w, https:\/\/www.adeomrocha.com.uy\/wp-content\/uploads\/2025\/05\/IMG_20250520_114348-768x576.jpg 768w\" sizes=\"auto, (max-width: 799px) 100vw, 799px\" \/><\/a><\/figure>\n\n\n\n<figure class=\"wp-block-image size-large\"><a href=\"https:\/\/www.adeomrocha.com.uy\/wp-content\/uploads\/2025\/05\/IMG_20250520_114417.jpg\"><img loading=\"lazy\" decoding=\"async\" width=\"797\" height=\"599\" data-id=\"3091\" src=\"https:\/\/www.adeomrocha.com.uy\/wp-content\/uploads\/2025\/05\/IMG_20250520_114417.jpg\" alt=\"\" class=\"wp-image-3091\" srcset=\"https:\/\/www.adeomrocha.com.uy\/wp-content\/uploads\/2025\/05\/IMG_20250520_114417.jpg 797w, https:\/\/www.adeomrocha.com.uy\/wp-content\/uploads\/2025\/05\/IMG_20250520_114417-300x225.jpg 300w, https:\/\/www.adeomrocha.com.uy\/wp-content\/uploads\/2025\/05\/IMG_20250520_114417-768x577.jpg 768w\" sizes=\"auto, (max-width: 797px) 100vw, 797px\" \/><\/a><\/figure>\n\n\n\n<figure class=\"wp-block-image size-large\"><a href=\"https:\/\/www.adeomrocha.com.uy\/wp-content\/uploads\/2025\/05\/IMG_20250520_114420.jpg\"><img loading=\"lazy\" decoding=\"async\" width=\"797\" height=\"599\" data-id=\"3090\" src=\"https:\/\/www.adeomrocha.com.uy\/wp-content\/uploads\/2025\/05\/IMG_20250520_114420.jpg\" alt=\"\" class=\"wp-image-3090\" srcset=\"https:\/\/www.adeomrocha.com.uy\/wp-content\/uploads\/2025\/05\/IMG_20250520_114420.jpg 797w, https:\/\/www.adeomrocha.com.uy\/wp-content\/uploads\/2025\/05\/IMG_20250520_114420-300x225.jpg 300w, https:\/\/www.adeomrocha.com.uy\/wp-content\/uploads\/2025\/05\/IMG_20250520_114420-768x577.jpg 768w\" sizes=\"auto, (max-width: 797px) 100vw, 797px\" \/><\/a><\/figure>\n\n\n\n<figure class=\"wp-block-image size-large\"><a href=\"https:\/\/www.adeomrocha.com.uy\/wp-content\/uploads\/2025\/05\/IMG_20250520_114508.jpg\"><img loading=\"lazy\" decoding=\"async\" width=\"797\" height=\"599\" data-id=\"3095\" src=\"https:\/\/www.adeomrocha.com.uy\/wp-content\/uploads\/2025\/05\/IMG_20250520_114508.jpg\" alt=\"\" class=\"wp-image-3095\" srcset=\"https:\/\/www.adeomrocha.com.uy\/wp-content\/uploads\/2025\/05\/IMG_20250520_114508.jpg 797w, https:\/\/www.adeomrocha.com.uy\/wp-content\/uploads\/2025\/05\/IMG_20250520_114508-300x225.jpg 300w, https:\/\/www.adeomrocha.com.uy\/wp-content\/uploads\/2025\/05\/IMG_20250520_114508-768x577.jpg 768w\" sizes=\"auto, (max-width: 797px) 100vw, 797px\" \/><\/a><\/figure>\n\n\n\n<figure class=\"wp-block-image size-large\"><a href=\"https:\/\/www.adeomrocha.com.uy\/wp-content\/uploads\/2025\/05\/IMG_20250520_114508_1.jpg\"><img loading=\"lazy\" decoding=\"async\" width=\"797\" height=\"599\" data-id=\"3098\" src=\"https:\/\/www.adeomrocha.com.uy\/wp-content\/uploads\/2025\/05\/IMG_20250520_114508_1.jpg\" alt=\"\" class=\"wp-image-3098\" srcset=\"https:\/\/www.adeomrocha.com.uy\/wp-content\/uploads\/2025\/05\/IMG_20250520_114508_1.jpg 797w, https:\/\/www.adeomrocha.com.uy\/wp-content\/uploads\/2025\/05\/IMG_20250520_114508_1-300x225.jpg 300w, https:\/\/www.adeomrocha.com.uy\/wp-content\/uploads\/2025\/05\/IMG_20250520_114508_1-768x577.jpg 768w\" sizes=\"auto, (max-width: 797px) 100vw, 797px\" \/><\/a><\/figure>\n\n\n\n<figure class=\"wp-block-image size-large\"><a href=\"https:\/\/www.adeomrocha.com.uy\/wp-content\/uploads\/2025\/05\/IMG_20250520_114514.jpg\"><img loading=\"lazy\" decoding=\"async\" width=\"799\" height=\"599\" data-id=\"3096\" src=\"https:\/\/www.adeomrocha.com.uy\/wp-content\/uploads\/2025\/05\/IMG_20250520_114514.jpg\" alt=\"\" class=\"wp-image-3096\" srcset=\"https:\/\/www.adeomrocha.com.uy\/wp-content\/uploads\/2025\/05\/IMG_20250520_114514.jpg 799w, https:\/\/www.adeomrocha.com.uy\/wp-content\/uploads\/2025\/05\/IMG_20250520_114514-300x225.jpg 300w, https:\/\/www.adeomrocha.com.uy\/wp-content\/uploads\/2025\/05\/IMG_20250520_114514-768x576.jpg 768w\" sizes=\"auto, (max-width: 799px) 100vw, 799px\" \/><\/a><\/figure>\n\n\n\n<figure class=\"wp-block-image size-large\"><a href=\"https:\/\/www.adeomrocha.com.uy\/wp-content\/uploads\/2025\/05\/IMG_20250520_114516.jpg\"><img loading=\"lazy\" decoding=\"async\" width=\"799\" height=\"599\" data-id=\"3097\" src=\"https:\/\/www.adeomrocha.com.uy\/wp-content\/uploads\/2025\/05\/IMG_20250520_114516.jpg\" alt=\"\" class=\"wp-image-3097\" srcset=\"https:\/\/www.adeomrocha.com.uy\/wp-content\/uploads\/2025\/05\/IMG_20250520_114516.jpg 799w, https:\/\/www.adeomrocha.com.uy\/wp-content\/uploads\/2025\/05\/IMG_20250520_114516-300x225.jpg 300w, https:\/\/www.adeomrocha.com.uy\/wp-content\/uploads\/2025\/05\/IMG_20250520_114516-768x576.jpg 768w\" sizes=\"auto, (max-width: 799px) 100vw, 799px\" \/><\/a><\/figure>\n<\/figure>\n","protected":false},"excerpt":{"rendered":"<p>Este martes al mediod\u00eda se llev\u00f3 a cabo una importante reuni\u00f3n entre ADEOM Rocha y autoridades del Ejecutivo departamental, con el objetivo de destrabar el proceso de carrera funcional. Participaron del encuentro la directiva del sindicato, las comisiones de T\u00e1ctica y Presupuesto, y funcionarios municipales. Por el Ejecutivo estuvo presente el director de Administraci\u00f3n, Eduardo [&hellip;]<\/p>\n","protected":false},"author":1,"featured_media":3087,"comment_status":"open","ping_status":"open","sticky":false,"template":"","format":"standard","meta":{"footnotes":""},"categories":[1],"tags":[],"class_list":["post-3086","post","type-post","status-publish","format-standard","has-post-thumbnail","hentry","category-sin-categoria"],"_links":{"self":[{"href":"https:\/\/www.adeomrocha.com.uy\/index.php?rest_route=\/wp\/v2\/posts\/3086","targetHints":{"allow":["GET"]}}],"collection":[{"href":"https:\/\/www.adeomrocha.com.uy\/index.php?rest_route=\/wp\/v2\/posts"}],"about":[{"href":"https:\/\/www.adeomrocha.com.uy\/index.php?rest_route=\/wp\/v2\/types\/post"}],"author":[{"embeddable":true,"href":"https:\/\/www.adeomrocha.com.uy\/index.php?rest_route=\/wp\/v2\/users\/1"}],"replies":[{"embeddable":true,"href":"https:\/\/www.adeomrocha.com.uy\/index.php?rest_route=%2Fwp%2Fv2%2Fcomments&post=3086"}],"version-history":[{"count":1,"href":"https:\/\/www.adeomrocha.com.uy\/index.php?rest_route=\/wp\/v2\/posts\/3086\/revisions"}],"predecessor-version":[{"id":3099,"href":"https:\/\/www.adeomrocha.com.uy\/index.php?rest_route=\/wp\/v2\/posts\/3086\/revisions\/3099"}],"wp:featuredmedia":[{"embeddable":true,"href":"https:\/\/www.adeomrocha.com.uy\/index.php?rest_route=\/wp\/v2\/media\/3087"}],"wp:attachment":[{"href":"https:\/\/www.adeomrocha.com.uy\/index.php?rest_route=%2Fwp%2Fv2%2Fmedia&parent=3086"}],"wp:term":[{"taxonomy":"category","embeddable":true,"href":"https:\/\/www.adeomrocha.com.uy\/index.php?rest_route=%2Fwp%2Fv2%2Fcategories&post=3086"},{"taxonomy":"post_tag","embeddable":true,"href":"https:\/\/www.adeomrocha.com.uy\/index.php?rest_route=%2Fwp%2Fv2%2Ftags&post=3086"}],"curies":[{"name":"wp","href":"https:\/\/api.w.org\/{rel}","templated":true}]}}