{"id":2990,"date":"2025-04-25T23:14:38","date_gmt":"2025-04-25T23:14:38","guid":{"rendered":"https:\/\/www.adeomrocha.com.uy\/?p=2990"},"modified":"2025-04-25T23:14:38","modified_gmt":"2025-04-25T23:14:38","slug":"eduardo-piriz-sera-el-primer-candidato-a-intendente-en-presentarse-ante-adeom-rocha","status":"publish","type":"post","link":"https:\/\/www.adeomrocha.com.uy\/?p=2990","title":{"rendered":"Eduardo Pir\u00edz ser\u00e1 el primer candidato a intendente en presentarse ante ADEOM Rocha"},"content":{"rendered":"\n<p>El Sindicato de Empleados y Obreros Municipales de Rocha (ADEOM Rocha) informa que ha lanzado una convocatoria abierta a todos los candidatos a la Intendencia del departamento, invit\u00e1ndolos a su sede social para exponer sus propuestas y proyectos dirigidos al funcionariado municipal.<br>La primera instancia ser\u00e1 el martes 29 de abril a las 10:30 horas, con la participaci\u00f3n del candidato Eduardo Pir\u00edz, quien abrir\u00e1 esta ronda de encuentros con los trabajadores organizados.<\/p>\n\n\n\n<p>ADEOM Rocha reafirma as\u00ed su compromiso con el di\u00e1logo democr\u00e1tico, el involucramiento informado y la defensa activa de los intereses de los municipales, promoviendo un espacio plural de intercambio y reflexi\u00f3n.<\/p>\n","protected":false},"excerpt":{"rendered":"<p>El Sindicato de Empleados y Obreros Municipales de Rocha (ADEOM Rocha) informa que ha lanzado una convocatoria abierta a todos los candidatos a la Intendencia del departamento, invit\u00e1ndolos a su sede social para exponer sus propuestas y proyectos dirigidos al funcionariado municipal.La primera instancia ser\u00e1 el martes 29 de abril a las 10:30 horas, con [&hellip;]<\/p>\n","protected":false},"author":1,"featured_media":2991,"comment_status":"open","ping_status":"open","sticky":false,"template":"","format":"standard","meta":{"footnotes":""},"categories":[1],"tags":[],"class_list":["post-2990","post","type-post","status-publish","format-standard","has-post-thumbnail","hentry","category-sin-categoria"],"_links":{"self":[{"href":"https:\/\/www.adeomrocha.com.uy\/index.php?rest_route=\/wp\/v2\/posts\/2990","targetHints":{"allow":["GET"]}}],"collection":[{"href":"https:\/\/www.adeomrocha.com.uy\/index.php?rest_route=\/wp\/v2\/posts"}],"about":[{"href":"https:\/\/www.adeomrocha.com.uy\/index.php?rest_route=\/wp\/v2\/types\/post"}],"author":[{"embeddable":true,"href":"https:\/\/www.adeomrocha.com.uy\/index.php?rest_route=\/wp\/v2\/users\/1"}],"replies":[{"embeddable":true,"href":"https:\/\/www.adeomrocha.com.uy\/index.php?rest_route=%2Fwp%2Fv2%2Fcomments&post=2990"}],"version-history":[{"count":1,"href":"https:\/\/www.adeomrocha.com.uy\/index.php?rest_route=\/wp\/v2\/posts\/2990\/revisions"}],"predecessor-version":[{"id":2992,"href":"https:\/\/www.adeomrocha.com.uy\/index.php?rest_route=\/wp\/v2\/posts\/2990\/revisions\/2992"}],"wp:featuredmedia":[{"embeddable":true,"href":"https:\/\/www.adeomrocha.com.uy\/index.php?rest_route=\/wp\/v2\/media\/2991"}],"wp:attachment":[{"href":"https:\/\/www.adeomrocha.com.uy\/index.php?rest_route=%2Fwp%2Fv2%2Fmedia&parent=2990"}],"wp:term":[{"taxonomy":"category","embeddable":true,"href":"https:\/\/www.adeomrocha.com.uy\/index.php?rest_route=%2Fwp%2Fv2%2Fcategories&post=2990"},{"taxonomy":"post_tag","embeddable":true,"href":"https:\/\/www.adeomrocha.com.uy\/index.php?rest_route=%2Fwp%2Fv2%2Ftags&post=2990"}],"curies":[{"name":"wp","href":"https:\/\/api.w.org\/{rel}","templated":true}]}}