{"id":2986,"date":"2025-04-25T19:41:20","date_gmt":"2025-04-25T19:41:20","guid":{"rendered":"https:\/\/www.adeomrocha.com.uy\/?p=2986"},"modified":"2025-04-25T19:44:12","modified_gmt":"2025-04-25T19:44:12","slug":"comunicado-2","status":"publish","type":"post","link":"https:\/\/www.adeomrocha.com.uy\/?p=2986","title":{"rendered":"COMUNICADO de Solidaridad y Dolor"},"content":{"rendered":"\n<p>La Directiva del Sindicato de Empleados y Obreros Municipales de Rocha (ADEOM Rocha) expresa su m\u00e1s profundo dolor y solidaridad ante el fallecimiento de <strong>Alejandra Guerrero<\/strong>, compa\u00f1era de vida de nuestro compa\u00f1ero y funcionario municipal <strong>Nicol\u00e1s Pereyra<\/strong>.<\/p>\n\n\n\n<p>En este momento de inmenso dolor, acompa\u00f1amos a Nicol\u00e1s, su familia y seres queridos, con todo nuestro afecto y respeto. Nos unimos en el duelo, compartiendo el pesar de una p\u00e9rdida irreparable, y brindando nuestro apoyo sincero en estas horas dif\u00edciles.<\/p>\n\n\n\n<p>Alejandra ser\u00e1 recordada con cari\u00f1o por quienes tuvieron la dicha de conocerla. Su partida deja un vac\u00edo inmenso.<\/p>\n\n\n\n<p><strong>Descansa en paz.<\/strong><\/p>\n\n\n\n<p><strong>ADEOM Rocha \u2013 Directiva<\/strong><\/p>\n","protected":false},"excerpt":{"rendered":"<p>La Directiva del Sindicato de Empleados y Obreros Municipales de Rocha (ADEOM Rocha) expresa su m\u00e1s profundo dolor y solidaridad ante el fallecimiento de Alejandra Guerrero, compa\u00f1era de vida de nuestro compa\u00f1ero y funcionario municipal Nicol\u00e1s Pereyra. En este momento de inmenso dolor, acompa\u00f1amos a Nicol\u00e1s, su familia y seres queridos, con todo nuestro afecto [&hellip;]<\/p>\n","protected":false},"author":1,"featured_media":2987,"comment_status":"open","ping_status":"open","sticky":false,"template":"","format":"standard","meta":{"footnotes":""},"categories":[1],"tags":[],"class_list":["post-2986","post","type-post","status-publish","format-standard","has-post-thumbnail","hentry","category-sin-categoria"],"_links":{"self":[{"href":"https:\/\/www.adeomrocha.com.uy\/index.php?rest_route=\/wp\/v2\/posts\/2986","targetHints":{"allow":["GET"]}}],"collection":[{"href":"https:\/\/www.adeomrocha.com.uy\/index.php?rest_route=\/wp\/v2\/posts"}],"about":[{"href":"https:\/\/www.adeomrocha.com.uy\/index.php?rest_route=\/wp\/v2\/types\/post"}],"author":[{"embeddable":true,"href":"https:\/\/www.adeomrocha.com.uy\/index.php?rest_route=\/wp\/v2\/users\/1"}],"replies":[{"embeddable":true,"href":"https:\/\/www.adeomrocha.com.uy\/index.php?rest_route=%2Fwp%2Fv2%2Fcomments&post=2986"}],"version-history":[{"count":2,"href":"https:\/\/www.adeomrocha.com.uy\/index.php?rest_route=\/wp\/v2\/posts\/2986\/revisions"}],"predecessor-version":[{"id":2989,"href":"https:\/\/www.adeomrocha.com.uy\/index.php?rest_route=\/wp\/v2\/posts\/2986\/revisions\/2989"}],"wp:featuredmedia":[{"embeddable":true,"href":"https:\/\/www.adeomrocha.com.uy\/index.php?rest_route=\/wp\/v2\/media\/2987"}],"wp:attachment":[{"href":"https:\/\/www.adeomrocha.com.uy\/index.php?rest_route=%2Fwp%2Fv2%2Fmedia&parent=2986"}],"wp:term":[{"taxonomy":"category","embeddable":true,"href":"https:\/\/www.adeomrocha.com.uy\/index.php?rest_route=%2Fwp%2Fv2%2Fcategories&post=2986"},{"taxonomy":"post_tag","embeddable":true,"href":"https:\/\/www.adeomrocha.com.uy\/index.php?rest_route=%2Fwp%2Fv2%2Ftags&post=2986"}],"curies":[{"name":"wp","href":"https:\/\/api.w.org\/{rel}","templated":true}]}}