{"id":295,"date":"2015-04-29T01:21:02","date_gmt":"2015-04-29T01:21:02","guid":{"rendered":"http:\/\/www.adeomrocha.com.uy\/?p=295"},"modified":"2015-04-29T01:21:02","modified_gmt":"2015-04-29T01:21:02","slug":"reuniones-con-los-candidatos-a-intendente","status":"publish","type":"post","link":"https:\/\/www.adeomrocha.com.uy\/?p=295","title":{"rendered":"Reuniones con los candidatos a Intendente."},"content":{"rendered":"<pre>Compa\u00f1eras y compa\u00f1eros  Municipales\r\n \r\nADEOM ROCHA y en el marco de las elecciones departamentales, hemos  \r\nimpulsado con los distintos precandidatos a la Intendencia  \r\nDepartamental, una serie de reuniones donde pretendemos desde nuestra  \r\norganizaci\u00f3n plantear  nuestras propuestas,  nuestras inquietudes y  \r\nnuestra visi\u00f3n.\r\nCon el claro convencimiento que la clase trabajadora en su conjunto   \r\nser\u00e1 la encargada de ejecutar las diferentes pol\u00edticas que buscan  \r\nalcanzar el desarrollo y bienestar de nuestro departamento.\r\n\r\nReunion con Jose Carlos Cardoso - Partido Nacional\r\n\r\n<a href=\"http:\/\/www.adeomrocha.com.uy\/wp-content\/uploads\/2015\/04\/015.jpg\"><img loading=\"lazy\" decoding=\"async\" class=\"alignnone size-medium wp-image-296\" src=\"http:\/\/www.adeomrocha.com.uy\/wp-content\/uploads\/2015\/04\/015-300x180.jpg\" alt=\"015\" width=\"300\" height=\"180\" \/><\/a> <a href=\"http:\/\/www.adeomrocha.com.uy\/wp-content\/uploads\/2015\/04\/017.jpg\"><img loading=\"lazy\" decoding=\"async\" class=\"alignnone size-medium wp-image-297\" src=\"http:\/\/www.adeomrocha.com.uy\/wp-content\/uploads\/2015\/04\/017-300x180.jpg\" alt=\"017\" width=\"300\" height=\"180\" srcset=\"https:\/\/www.adeomrocha.com.uy\/wp-content\/uploads\/2015\/04\/017-300x180.jpg 300w, https:\/\/www.adeomrocha.com.uy\/wp-content\/uploads\/2015\/04\/017-1024x614.jpg 1024w, https:\/\/www.adeomrocha.com.uy\/wp-content\/uploads\/2015\/04\/017-210x126.jpg 210w\" sizes=\"auto, (max-width: 300px) 100vw, 300px\" \/><\/a>\r\n\r\nReunion con Enrique Razzetti - Partido Popular\r\n \r\n <a href=\"http:\/\/www.adeomrocha.com.uy\/wp-content\/uploads\/2015\/04\/119.jpg\"><img loading=\"lazy\" decoding=\"async\" class=\"alignnone size-medium wp-image-299\" src=\"http:\/\/www.adeomrocha.com.uy\/wp-content\/uploads\/2015\/04\/119-300x180.jpg\" alt=\"119\" width=\"300\" height=\"180\" srcset=\"https:\/\/www.adeomrocha.com.uy\/wp-content\/uploads\/2015\/04\/119-300x180.jpg 300w, https:\/\/www.adeomrocha.com.uy\/wp-content\/uploads\/2015\/04\/119-1024x614.jpg 1024w, https:\/\/www.adeomrocha.com.uy\/wp-content\/uploads\/2015\/04\/119-210x126.jpg 210w\" sizes=\"auto, (max-width: 300px) 100vw, 300px\" \/><\/a>  <a href=\"http:\/\/www.adeomrocha.com.uy\/wp-content\/uploads\/2015\/04\/121.jpg\"><img loading=\"lazy\" decoding=\"async\" class=\"alignnone size-medium wp-image-301\" src=\"http:\/\/www.adeomrocha.com.uy\/wp-content\/uploads\/2015\/04\/121-300x180.jpg\" alt=\"121\" width=\"300\" height=\"180\" srcset=\"https:\/\/www.adeomrocha.com.uy\/wp-content\/uploads\/2015\/04\/121-300x180.jpg 300w, https:\/\/www.adeomrocha.com.uy\/wp-content\/uploads\/2015\/04\/121-1024x614.jpg 1024w, https:\/\/www.adeomrocha.com.uy\/wp-content\/uploads\/2015\/04\/121-210x126.jpg 210w\" sizes=\"auto, (max-width: 300px) 100vw, 300px\" \/><\/a>\r\n\r\nReunion con Pilar Altez - Frente Amplio\r\n\r\n <a href=\"http:\/\/www.adeomrocha.com.uy\/wp-content\/uploads\/2015\/04\/002.jpg\"><img loading=\"lazy\" decoding=\"async\" class=\"alignnone size-medium wp-image-304\" src=\"http:\/\/www.adeomrocha.com.uy\/wp-content\/uploads\/2015\/04\/002-300x180.jpg\" alt=\"002\" width=\"300\" height=\"180\" srcset=\"https:\/\/www.adeomrocha.com.uy\/wp-content\/uploads\/2015\/04\/002-300x180.jpg 300w, https:\/\/www.adeomrocha.com.uy\/wp-content\/uploads\/2015\/04\/002-210x126.jpg 210w, https:\/\/www.adeomrocha.com.uy\/wp-content\/uploads\/2015\/04\/002.jpg 560w\" sizes=\"auto, (max-width: 300px) 100vw, 300px\" \/><\/a> \r\n\r\nReunion con Rodriguez Erreca - Partido Independiente\r\n\r\n<a href=\"http:\/\/www.adeomrocha.com.uy\/wp-content\/uploads\/2015\/04\/003.jpg\"><img loading=\"lazy\" decoding=\"async\" class=\"alignnone size-medium wp-image-305\" src=\"http:\/\/www.adeomrocha.com.uy\/wp-content\/uploads\/2015\/04\/003-300x180.jpg\" alt=\"003\" width=\"300\" height=\"180\" srcset=\"https:\/\/www.adeomrocha.com.uy\/wp-content\/uploads\/2015\/04\/003-300x180.jpg 300w, https:\/\/www.adeomrocha.com.uy\/wp-content\/uploads\/2015\/04\/003-1024x614.jpg 1024w, https:\/\/www.adeomrocha.com.uy\/wp-content\/uploads\/2015\/04\/003-210x126.jpg 210w\" sizes=\"auto, (max-width: 300px) 100vw, 300px\" \/><\/a> <a href=\"http:\/\/www.adeomrocha.com.uy\/wp-content\/uploads\/2015\/04\/004.jpg\"><img loading=\"lazy\" decoding=\"async\" class=\"alignnone size-medium wp-image-306\" src=\"http:\/\/www.adeomrocha.com.uy\/wp-content\/uploads\/2015\/04\/004-300x180.jpg\" alt=\"004\" width=\"300\" height=\"180\" srcset=\"https:\/\/www.adeomrocha.com.uy\/wp-content\/uploads\/2015\/04\/004-300x180.jpg 300w, https:\/\/www.adeomrocha.com.uy\/wp-content\/uploads\/2015\/04\/004-1024x614.jpg 1024w, https:\/\/www.adeomrocha.com.uy\/wp-content\/uploads\/2015\/04\/004-210x126.jpg 210w\" sizes=\"auto, (max-width: 300px) 100vw, 300px\" \/><\/a>  <a href=\"http:\/\/www.adeomrocha.com.uy\/wp-content\/uploads\/2015\/04\/006.jpg\"><img loading=\"lazy\" decoding=\"async\" class=\"alignnone size-medium wp-image-308\" src=\"http:\/\/www.adeomrocha.com.uy\/wp-content\/uploads\/2015\/04\/006-300x180.jpg\" alt=\"006\" width=\"300\" height=\"180\" srcset=\"https:\/\/www.adeomrocha.com.uy\/wp-content\/uploads\/2015\/04\/006-300x180.jpg 300w, https:\/\/www.adeomrocha.com.uy\/wp-content\/uploads\/2015\/04\/006-1024x614.jpg 1024w, https:\/\/www.adeomrocha.com.uy\/wp-content\/uploads\/2015\/04\/006-210x126.jpg 210w\" sizes=\"auto, (max-width: 300px) 100vw, 300px\" \/><\/a>\r\n\r\nReunion con el Dr.Carlos Tarabocchia - Partido Nacional\r\n\r\n <a href=\"http:\/\/www.adeomrocha.com.uy\/wp-content\/uploads\/2015\/04\/11157538_829876287092025_5243704146235037758_o.jpg\"><img loading=\"lazy\" decoding=\"async\" class=\"alignnone size-medium wp-image-312\" src=\"http:\/\/www.adeomrocha.com.uy\/wp-content\/uploads\/2015\/04\/11157538_829876287092025_5243704146235037758_o-300x180.jpg\" alt=\"11157538_829876287092025_5243704146235037758_o\" width=\"300\" height=\"180\" srcset=\"https:\/\/www.adeomrocha.com.uy\/wp-content\/uploads\/2015\/04\/11157538_829876287092025_5243704146235037758_o-300x180.jpg 300w, https:\/\/www.adeomrocha.com.uy\/wp-content\/uploads\/2015\/04\/11157538_829876287092025_5243704146235037758_o-1024x614.jpg 1024w, https:\/\/www.adeomrocha.com.uy\/wp-content\/uploads\/2015\/04\/11157538_829876287092025_5243704146235037758_o-210x126.jpg 210w, https:\/\/www.adeomrocha.com.uy\/wp-content\/uploads\/2015\/04\/11157538_829876287092025_5243704146235037758_o.jpg 2048w\" sizes=\"auto, (max-width: 300px) 100vw, 300px\" \/><\/a> <a href=\"http:\/\/www.adeomrocha.com.uy\/wp-content\/uploads\/2015\/04\/11169510_829876360425351_7209725096581763200_o.jpg\"><img loading=\"lazy\" decoding=\"async\" class=\"alignnone size-medium wp-image-313\" src=\"http:\/\/www.adeomrocha.com.uy\/wp-content\/uploads\/2015\/04\/11169510_829876360425351_7209725096581763200_o-300x180.jpg\" alt=\"11169510_829876360425351_7209725096581763200_o\" width=\"300\" height=\"180\" srcset=\"https:\/\/www.adeomrocha.com.uy\/wp-content\/uploads\/2015\/04\/11169510_829876360425351_7209725096581763200_o-300x180.jpg 300w, https:\/\/www.adeomrocha.com.uy\/wp-content\/uploads\/2015\/04\/11169510_829876360425351_7209725096581763200_o-1024x614.jpg 1024w, https:\/\/www.adeomrocha.com.uy\/wp-content\/uploads\/2015\/04\/11169510_829876360425351_7209725096581763200_o-210x126.jpg 210w, https:\/\/www.adeomrocha.com.uy\/wp-content\/uploads\/2015\/04\/11169510_829876360425351_7209725096581763200_o.jpg 2048w\" sizes=\"auto, (max-width: 300px) 100vw, 300px\" \/><\/a> <a href=\"http:\/\/www.adeomrocha.com.uy\/wp-content\/uploads\/2015\/04\/11169655_829876177092036_819752165649619567_o.jpg\"><img loading=\"lazy\" decoding=\"async\" class=\"alignnone size-medium wp-image-314\" src=\"http:\/\/www.adeomrocha.com.uy\/wp-content\/uploads\/2015\/04\/11169655_829876177092036_819752165649619567_o-300x180.jpg\" alt=\"11169655_829876177092036_819752165649619567_o\" width=\"300\" height=\"180\" srcset=\"https:\/\/www.adeomrocha.com.uy\/wp-content\/uploads\/2015\/04\/11169655_829876177092036_819752165649619567_o-300x180.jpg 300w, https:\/\/www.adeomrocha.com.uy\/wp-content\/uploads\/2015\/04\/11169655_829876177092036_819752165649619567_o-1024x614.jpg 1024w, https:\/\/www.adeomrocha.com.uy\/wp-content\/uploads\/2015\/04\/11169655_829876177092036_819752165649619567_o-210x126.jpg 210w, https:\/\/www.adeomrocha.com.uy\/wp-content\/uploads\/2015\/04\/11169655_829876177092036_819752165649619567_o.jpg 2048w\" sizes=\"auto, (max-width: 300px) 100vw, 300px\" \/><\/a>\r\n\r\nReunion con el Cr.Milton Ibarra - Frente Amplio<a href=\"http:\/\/www.adeomrocha.com.uy\/wp-content\/uploads\/2015\/04\/11170308_834000810012906_5385020655847509762_o.jpg\">\r\n\r\n<img loading=\"lazy\" decoding=\"async\" class=\"alignnone size-medium wp-image-315\" src=\"http:\/\/www.adeomrocha.com.uy\/wp-content\/uploads\/2015\/04\/11170308_834000810012906_5385020655847509762_o-300x180.jpg\" alt=\"11170308_834000810012906_5385020655847509762_o\" width=\"300\" height=\"180\" srcset=\"https:\/\/www.adeomrocha.com.uy\/wp-content\/uploads\/2015\/04\/11170308_834000810012906_5385020655847509762_o-300x180.jpg 300w, https:\/\/www.adeomrocha.com.uy\/wp-content\/uploads\/2015\/04\/11170308_834000810012906_5385020655847509762_o-1024x614.jpg 1024w, https:\/\/www.adeomrocha.com.uy\/wp-content\/uploads\/2015\/04\/11170308_834000810012906_5385020655847509762_o-210x126.jpg 210w, https:\/\/www.adeomrocha.com.uy\/wp-content\/uploads\/2015\/04\/11170308_834000810012906_5385020655847509762_o.jpg 2048w\" sizes=\"auto, (max-width: 300px) 100vw, 300px\" \/><\/a>\r\n\r\nReunion con Anibal Pereyra - Frente Amplio\r\n\r\n<a href=\"http:\/\/www.adeomrocha.com.uy\/wp-content\/uploads\/2015\/04\/11080014_826195317460122_9092341902889909823_o.jpg\"><img loading=\"lazy\" decoding=\"async\" class=\"alignnone size-medium wp-image-309\" src=\"http:\/\/www.adeomrocha.com.uy\/wp-content\/uploads\/2015\/04\/11080014_826195317460122_9092341902889909823_o-300x180.jpg\" alt=\"11080014_826195317460122_9092341902889909823_o\" width=\"300\" height=\"180\" srcset=\"https:\/\/www.adeomrocha.com.uy\/wp-content\/uploads\/2015\/04\/11080014_826195317460122_9092341902889909823_o-300x180.jpg 300w, https:\/\/www.adeomrocha.com.uy\/wp-content\/uploads\/2015\/04\/11080014_826195317460122_9092341902889909823_o-1024x614.jpg 1024w, https:\/\/www.adeomrocha.com.uy\/wp-content\/uploads\/2015\/04\/11080014_826195317460122_9092341902889909823_o-210x126.jpg 210w, https:\/\/www.adeomrocha.com.uy\/wp-content\/uploads\/2015\/04\/11080014_826195317460122_9092341902889909823_o.jpg 2048w\" sizes=\"auto, (max-width: 300px) 100vw, 300px\" \/><\/a> <a href=\"http:\/\/www.adeomrocha.com.uy\/wp-content\/uploads\/2015\/04\/11082342_826195420793445_6952220874696567532_o.jpg\"><img loading=\"lazy\" decoding=\"async\" class=\"alignnone size-medium wp-image-311\" src=\"http:\/\/www.adeomrocha.com.uy\/wp-content\/uploads\/2015\/04\/11082342_826195420793445_6952220874696567532_o-300x180.jpg\" alt=\"11082342_826195420793445_6952220874696567532_o\" width=\"300\" height=\"180\" srcset=\"https:\/\/www.adeomrocha.com.uy\/wp-content\/uploads\/2015\/04\/11082342_826195420793445_6952220874696567532_o-300x180.jpg 300w, https:\/\/www.adeomrocha.com.uy\/wp-content\/uploads\/2015\/04\/11082342_826195420793445_6952220874696567532_o-1024x614.jpg 1024w, https:\/\/www.adeomrocha.com.uy\/wp-content\/uploads\/2015\/04\/11082342_826195420793445_6952220874696567532_o-210x126.jpg 210w, https:\/\/www.adeomrocha.com.uy\/wp-content\/uploads\/2015\/04\/11082342_826195420793445_6952220874696567532_o.jpg 2048w\" sizes=\"auto, (max-width: 300px) 100vw, 300px\" \/><\/a>\r\n\r\nReunion con Edgardo Saint Esteven - Partido Colorado\r\n\r\n<a href=\"http:\/\/www.adeomrocha.com.uy\/wp-content\/uploads\/2015\/04\/11080368_812602955486025_7784149959947471878_o.jpg\"><img loading=\"lazy\" decoding=\"async\" class=\"alignnone size-medium wp-image-310\" src=\"http:\/\/www.adeomrocha.com.uy\/wp-content\/uploads\/2015\/04\/11080368_812602955486025_7784149959947471878_o-300x180.jpg\" alt=\"11080368_812602955486025_7784149959947471878_o\" width=\"300\" height=\"180\" srcset=\"https:\/\/www.adeomrocha.com.uy\/wp-content\/uploads\/2015\/04\/11080368_812602955486025_7784149959947471878_o-300x180.jpg 300w, https:\/\/www.adeomrocha.com.uy\/wp-content\/uploads\/2015\/04\/11080368_812602955486025_7784149959947471878_o-1024x614.jpg 1024w, https:\/\/www.adeomrocha.com.uy\/wp-content\/uploads\/2015\/04\/11080368_812602955486025_7784149959947471878_o-210x126.jpg 210w, https:\/\/www.adeomrocha.com.uy\/wp-content\/uploads\/2015\/04\/11080368_812602955486025_7784149959947471878_o.jpg 2048w\" sizes=\"auto, (max-width: 300px) 100vw, 300px\" \/><\/a>\r\n\r\n\r\n<\/pre>\n","protected":false},"excerpt":{"rendered":"<p>Compa\u00f1eras y compa\u00f1eros Municipales ADEOM ROCHA y en el marco de las elecciones departamentales, hemos impulsado con los distintos precandidatos a la Intendencia Departamental, una serie de reuniones donde pretendemos desde nuestra organizaci\u00f3n plantear nuestras propuestas, nuestras inquietudes y nuestra visi\u00f3n. Con el claro convencimiento que la clase trabajadora en su conjunto ser\u00e1 la encargada [&hellip;]<\/p>\n","protected":false},"author":1,"featured_media":0,"comment_status":"open","ping_status":"open","sticky":false,"template":"","format":"standard","meta":{"footnotes":""},"categories":[1],"tags":[],"class_list":["post-295","post","type-post","status-publish","format-standard","hentry","category-sin-categoria"],"_links":{"self":[{"href":"https:\/\/www.adeomrocha.com.uy\/index.php?rest_route=\/wp\/v2\/posts\/295","targetHints":{"allow":["GET"]}}],"collection":[{"href":"https:\/\/www.adeomrocha.com.uy\/index.php?rest_route=\/wp\/v2\/posts"}],"about":[{"href":"https:\/\/www.adeomrocha.com.uy\/index.php?rest_route=\/wp\/v2\/types\/post"}],"author":[{"embeddable":true,"href":"https:\/\/www.adeomrocha.com.uy\/index.php?rest_route=\/wp\/v2\/users\/1"}],"replies":[{"embeddable":true,"href":"https:\/\/www.adeomrocha.com.uy\/index.php?rest_route=%2Fwp%2Fv2%2Fcomments&post=295"}],"version-history":[{"count":1,"href":"https:\/\/www.adeomrocha.com.uy\/index.php?rest_route=\/wp\/v2\/posts\/295\/revisions"}],"predecessor-version":[{"id":316,"href":"https:\/\/www.adeomrocha.com.uy\/index.php?rest_route=\/wp\/v2\/posts\/295\/revisions\/316"}],"wp:attachment":[{"href":"https:\/\/www.adeomrocha.com.uy\/index.php?rest_route=%2Fwp%2Fv2%2Fmedia&parent=295"}],"wp:term":[{"taxonomy":"category","embeddable":true,"href":"https:\/\/www.adeomrocha.com.uy\/index.php?rest_route=%2Fwp%2Fv2%2Fcategories&post=295"},{"taxonomy":"post_tag","embeddable":true,"href":"https:\/\/www.adeomrocha.com.uy\/index.php?rest_route=%2Fwp%2Fv2%2Ftags&post=295"}],"curies":[{"name":"wp","href":"https:\/\/api.w.org\/{rel}","templated":true}]}}