{"id":2922,"date":"2025-03-19T16:59:44","date_gmt":"2025-03-19T16:59:44","guid":{"rendered":"https:\/\/www.adeomrocha.com.uy\/?p=2922"},"modified":"2025-04-23T22:08:03","modified_gmt":"2025-04-23T22:08:03","slug":"invitacion-a-plenario-departamental-de-adeom-rocha","status":"publish","type":"post","link":"https:\/\/www.adeomrocha.com.uy\/?p=2922","title":{"rendered":"Invitaci\u00f3n a Plenario Departamental de ADEOM Rocha"},"content":{"rendered":"\n<p><\/p>\n\n\n\n<p>\u00a1Compa\u00f1eros trabajadores!<\/p>\n\n\n\n<p>La directiva de ADEOM Rocha tiene el agrado de invitarlos a participar del Plenario Departamental que se llevar\u00e1 a cabo el pr\u00f3ximo:<\/p>\n\n\n\n<ul class=\"wp-block-list\">\n<li><strong>D\u00eda:<\/strong> Viernes 21 de marzo<\/li>\n\n\n\n<li><strong>Hora:<\/strong> 10:00<\/li>\n\n\n\n<li><strong>Lugar:<\/strong> Sede de ADEOM Rocha<\/li>\n<\/ul>\n\n\n\n<p>En este plenario, abordaremos temas de gran importancia para todos nosotros:<\/p>\n\n\n\n<ul class=\"wp-block-list\">\n<li>Concursos<\/li>\n\n\n\n<li>Comisiones<\/li>\n\n\n\n<li>Plataforma<\/li>\n<\/ul>\n\n\n\n<p>Su participaci\u00f3n es fundamental para fortalecer nuestra organizaci\u00f3n y defender nuestros derechos.<\/p>\n\n\n\n<p>\u00a1Los esperamos!<\/p>\n\n\n\n<p><strong>ADEOM Rocha \u00abSolidaridad y Lucha\u00bb<\/strong><\/p>\n\n\n\n<figure class=\"wp-block-gallery has-nested-images columns-default is-cropped wp-block-gallery-1 is-layout-flex wp-block-gallery-is-layout-flex\">\n<figure class=\"wp-block-image size-large\"><a href=\"https:\/\/www.adeomrocha.com.uy\/wp-content\/uploads\/2025\/03\/plenario-adeom.jpg\"><img loading=\"lazy\" decoding=\"async\" width=\"1009\" height=\"1024\" data-id=\"2923\" src=\"https:\/\/www.adeomrocha.com.uy\/wp-content\/uploads\/2025\/03\/plenario-adeom-1009x1024.jpg\" alt=\"\" class=\"wp-image-2923\" srcset=\"https:\/\/www.adeomrocha.com.uy\/wp-content\/uploads\/2025\/03\/plenario-adeom-1009x1024.jpg 1009w, https:\/\/www.adeomrocha.com.uy\/wp-content\/uploads\/2025\/03\/plenario-adeom-296x300.jpg 296w, https:\/\/www.adeomrocha.com.uy\/wp-content\/uploads\/2025\/03\/plenario-adeom-768x780.jpg 768w, https:\/\/www.adeomrocha.com.uy\/wp-content\/uploads\/2025\/03\/plenario-adeom-1513x1536.jpg 1513w, https:\/\/www.adeomrocha.com.uy\/wp-content\/uploads\/2025\/03\/plenario-adeom.jpg 1576w\" sizes=\"auto, (max-width: 1009px) 100vw, 1009px\" \/><\/a><\/figure>\n<\/figure>\n\n\n\n<figure class=\"wp-block-image size-full\"><a href=\"http:\/\/www.adeomrocha.com.uy\/wp-content\/uploads\/2024\/12\/Post-de-Facebook-Odontologia-Moderno-Azul-y-Naranja.png\"><img loading=\"lazy\" decoding=\"async\" width=\"940\" height=\"788\" src=\"http:\/\/www.adeomrocha.com.uy\/wp-content\/uploads\/2024\/12\/Post-de-Facebook-Odontologia-Moderno-Azul-y-Naranja.png\" alt=\"\" class=\"wp-image-2765\" srcset=\"https:\/\/www.adeomrocha.com.uy\/wp-content\/uploads\/2024\/12\/Post-de-Facebook-Odontologia-Moderno-Azul-y-Naranja.png 940w, https:\/\/www.adeomrocha.com.uy\/wp-content\/uploads\/2024\/12\/Post-de-Facebook-Odontologia-Moderno-Azul-y-Naranja-300x251.png 300w, https:\/\/www.adeomrocha.com.uy\/wp-content\/uploads\/2024\/12\/Post-de-Facebook-Odontologia-Moderno-Azul-y-Naranja-768x644.png 768w\" sizes=\"auto, (max-width: 940px) 100vw, 940px\" \/><\/a><\/figure>\n","protected":false},"excerpt":{"rendered":"<p>\u00a1Compa\u00f1eros trabajadores! La directiva de ADEOM Rocha tiene el agrado de invitarlos a participar del Plenario Departamental que se llevar\u00e1 a cabo el pr\u00f3ximo: En este plenario, abordaremos temas de gran importancia para todos nosotros: Su participaci\u00f3n es fundamental para fortalecer nuestra organizaci\u00f3n y defender nuestros derechos. \u00a1Los esperamos! ADEOM Rocha \u00abSolidaridad y Lucha\u00bb<\/p>\n","protected":false},"author":1,"featured_media":2687,"comment_status":"open","ping_status":"open","sticky":false,"template":"","format":"standard","meta":{"footnotes":""},"categories":[2],"tags":[],"class_list":["post-2922","post","type-post","status-publish","format-standard","has-post-thumbnail","hentry","category-informacion-general"],"_links":{"self":[{"href":"https:\/\/www.adeomrocha.com.uy\/index.php?rest_route=\/wp\/v2\/posts\/2922","targetHints":{"allow":["GET"]}}],"collection":[{"href":"https:\/\/www.adeomrocha.com.uy\/index.php?rest_route=\/wp\/v2\/posts"}],"about":[{"href":"https:\/\/www.adeomrocha.com.uy\/index.php?rest_route=\/wp\/v2\/types\/post"}],"author":[{"embeddable":true,"href":"https:\/\/www.adeomrocha.com.uy\/index.php?rest_route=\/wp\/v2\/users\/1"}],"replies":[{"embeddable":true,"href":"https:\/\/www.adeomrocha.com.uy\/index.php?rest_route=%2Fwp%2Fv2%2Fcomments&post=2922"}],"version-history":[{"count":1,"href":"https:\/\/www.adeomrocha.com.uy\/index.php?rest_route=\/wp\/v2\/posts\/2922\/revisions"}],"predecessor-version":[{"id":2924,"href":"https:\/\/www.adeomrocha.com.uy\/index.php?rest_route=\/wp\/v2\/posts\/2922\/revisions\/2924"}],"wp:featuredmedia":[{"embeddable":true,"href":"https:\/\/www.adeomrocha.com.uy\/index.php?rest_route=\/wp\/v2\/media\/2687"}],"wp:attachment":[{"href":"https:\/\/www.adeomrocha.com.uy\/index.php?rest_route=%2Fwp%2Fv2%2Fmedia&parent=2922"}],"wp:term":[{"taxonomy":"category","embeddable":true,"href":"https:\/\/www.adeomrocha.com.uy\/index.php?rest_route=%2Fwp%2Fv2%2Fcategories&post=2922"},{"taxonomy":"post_tag","embeddable":true,"href":"https:\/\/www.adeomrocha.com.uy\/index.php?rest_route=%2Fwp%2Fv2%2Ftags&post=2922"}],"curies":[{"name":"wp","href":"https:\/\/api.w.org\/{rel}","templated":true}]}}