{"id":2822,"date":"2025-01-09T21:27:54","date_gmt":"2025-01-09T21:27:54","guid":{"rendered":"https:\/\/www.adeomrocha.com.uy\/?p=2822"},"modified":"2025-01-09T21:27:54","modified_gmt":"2025-01-09T21:27:54","slug":"concurso-pruebas-de-oposicion-se-realizan-en-febrero-horarios-y-lugares-para-su-realizacion-aca","status":"publish","type":"post","link":"https:\/\/www.adeomrocha.com.uy\/?p=2822","title":{"rendered":"CONCURSO: Pruebas de oposici\u00f3n se realizan en febrero. Horarios y lugares para su realizaci\u00f3n ac\u00e1"},"content":{"rendered":"\n<p>La Intendencia Departamental de Rocha, a trav\u00e9s de la Resoluci\u00f3n N.\u00b0 003797\/24, ha anunciado importantes ajustes en el proceso de concursos de ascensos para funcionarios presupuestados. <\/p>\n\n\n\n<p>Las pruebas de oposici\u00f3n previstas para noviembre de 2024 se estar\u00e1n realizando en el mes de febrero , con nuevos horarios y lugares para su realizaci\u00f3n. Ac\u00e1 los detalles.<\/p>\n\n\n\n<figure class=\"wp-block-image size-large\"><a href=\"http:\/\/www.adeomrocha.com.uy\/wp-content\/uploads\/2025\/01\/WhatsApp-Image-2025-01-09-at-1.43.21-PM-2.jpeg\"><img loading=\"lazy\" decoding=\"async\" width=\"736\" height=\"1024\" src=\"http:\/\/www.adeomrocha.com.uy\/wp-content\/uploads\/2025\/01\/WhatsApp-Image-2025-01-09-at-1.43.21-PM-2-736x1024.jpeg\" alt=\"\" class=\"wp-image-2820\" srcset=\"https:\/\/www.adeomrocha.com.uy\/wp-content\/uploads\/2025\/01\/WhatsApp-Image-2025-01-09-at-1.43.21-PM-2-736x1024.jpeg 736w, https:\/\/www.adeomrocha.com.uy\/wp-content\/uploads\/2025\/01\/WhatsApp-Image-2025-01-09-at-1.43.21-PM-2-216x300.jpeg 216w, https:\/\/www.adeomrocha.com.uy\/wp-content\/uploads\/2025\/01\/WhatsApp-Image-2025-01-09-at-1.43.21-PM-2-768x1069.jpeg 768w, https:\/\/www.adeomrocha.com.uy\/wp-content\/uploads\/2025\/01\/WhatsApp-Image-2025-01-09-at-1.43.21-PM-2-1104x1536.jpeg 1104w, https:\/\/www.adeomrocha.com.uy\/wp-content\/uploads\/2025\/01\/WhatsApp-Image-2025-01-09-at-1.43.21-PM-2.jpeg 1150w\" sizes=\"auto, (max-width: 736px) 100vw, 736px\" \/><\/a><\/figure>\n","protected":false},"excerpt":{"rendered":"<p>La Intendencia Departamental de Rocha, a trav\u00e9s de la Resoluci\u00f3n N.\u00b0 003797\/24, ha anunciado importantes ajustes en el proceso de concursos de ascensos para funcionarios presupuestados. Las pruebas de oposici\u00f3n previstas para noviembre de 2024 se estar\u00e1n realizando en el mes de febrero , con nuevos horarios y lugares para su realizaci\u00f3n. Ac\u00e1 los detalles.<\/p>\n","protected":false},"author":1,"featured_media":613,"comment_status":"open","ping_status":"open","sticky":false,"template":"","format":"standard","meta":{"footnotes":""},"categories":[1],"tags":[],"class_list":["post-2822","post","type-post","status-publish","format-standard","has-post-thumbnail","hentry","category-sin-categoria"],"_links":{"self":[{"href":"https:\/\/www.adeomrocha.com.uy\/index.php?rest_route=\/wp\/v2\/posts\/2822","targetHints":{"allow":["GET"]}}],"collection":[{"href":"https:\/\/www.adeomrocha.com.uy\/index.php?rest_route=\/wp\/v2\/posts"}],"about":[{"href":"https:\/\/www.adeomrocha.com.uy\/index.php?rest_route=\/wp\/v2\/types\/post"}],"author":[{"embeddable":true,"href":"https:\/\/www.adeomrocha.com.uy\/index.php?rest_route=\/wp\/v2\/users\/1"}],"replies":[{"embeddable":true,"href":"https:\/\/www.adeomrocha.com.uy\/index.php?rest_route=%2Fwp%2Fv2%2Fcomments&post=2822"}],"version-history":[{"count":1,"href":"https:\/\/www.adeomrocha.com.uy\/index.php?rest_route=\/wp\/v2\/posts\/2822\/revisions"}],"predecessor-version":[{"id":2823,"href":"https:\/\/www.adeomrocha.com.uy\/index.php?rest_route=\/wp\/v2\/posts\/2822\/revisions\/2823"}],"wp:featuredmedia":[{"embeddable":true,"href":"https:\/\/www.adeomrocha.com.uy\/index.php?rest_route=\/wp\/v2\/media\/613"}],"wp:attachment":[{"href":"https:\/\/www.adeomrocha.com.uy\/index.php?rest_route=%2Fwp%2Fv2%2Fmedia&parent=2822"}],"wp:term":[{"taxonomy":"category","embeddable":true,"href":"https:\/\/www.adeomrocha.com.uy\/index.php?rest_route=%2Fwp%2Fv2%2Fcategories&post=2822"},{"taxonomy":"post_tag","embeddable":true,"href":"https:\/\/www.adeomrocha.com.uy\/index.php?rest_route=%2Fwp%2Fv2%2Ftags&post=2822"}],"curies":[{"name":"wp","href":"https:\/\/api.w.org\/{rel}","templated":true}]}}