{"id":280,"date":"2015-03-21T19:04:07","date_gmt":"2015-03-21T19:04:07","guid":{"rendered":"http:\/\/www.adeomrocha.com.uy\/?p=280"},"modified":"2015-03-21T19:04:07","modified_gmt":"2015-03-21T19:04:07","slug":"semana-de-turismo-con-beneficios","status":"publish","type":"post","link":"https:\/\/www.adeomrocha.com.uy\/?p=280","title":{"rendered":"Semana de Turismo con beneficios"},"content":{"rendered":"<p><span style=\"font-size: large;\">Compa\u00f1eros y compa\u00f1eras: en su \u00faltima sesi\u00f3n la Comisi\u00f3n Directiva de ADEOM R\u00edo Negro decidi\u00f3 otorgar un importante beneficio a los socios del gremio de todo el Pa\u00eds (y su familia), que consiste en la posibilidad de <b>usufructuar nuestro camping en el Balneario las Ca\u00f1as en forma <span style=\"text-decoration: underline;\">gratuita<\/span>, entre el <span style=\"text-decoration: underline;\">28 de marzo y el 5 de abril<\/span>.<\/b><\/span><\/p>\n<div><span style=\"font-size: large;\">Condiciones:<\/span><\/div>\n<div><span style=\"font-size: large;\">Quien solicite los d\u00edas de camping, deber\u00e1 estar afiliado el gremio.<\/span><\/div>\n<div><span style=\"font-size: large;\">ADEOM de cada Departamento expedir\u00e1 una constancia de afiliaci\u00f3n.<\/span><\/div>\n<div><span style=\"font-size: large;\">El interesado deber\u00e1 comunicarse con ADEOM R\u00edo Negro y enviar a nuestro correo electr\u00f3nico: la constancia de afiliaci\u00f3n, d\u00eda de ingreso y de salida, as\u00ed como las c\u00e9dulas de identidad escaneadas de todas las personas que acampar\u00e1n. Tambi\u00e9n podr\u00e1 enviar estos datos por fax.<\/span><\/div>\n<div><span style=\"font-size: large;\">Al llegar e instalarse deber\u00e1 abonar $ 100 (cien pesos) por cada carpa, por la totalidad de los d\u00edas que usufructe el camping. Un precio simb\u00f3lico que ayuda para los gastos de mantenimiento..\u00a0<\/span><\/div>\n<div><span style=\"font-size: large;\">La autorizaci\u00f3n para acampar es intransferible. Si un compa\u00f1ero y su familia, tras solicitar el camping no pueden viajar, el permiso se anula.<\/span><\/div>\n<div><span style=\"font-size: large;\">Deber\u00e1 respetarse la reglamentaci\u00f3n del camping de Las Ca\u00f1as.<\/span><\/div>\n<div><span style=\"font-size: large;\">DETALLE IMPORTANTE: el camping dispone de electricidad, cajas con tomacorrientes, alumbrado, mesas, bancos y parrilleros, as\u00ed como piletas y canillas de agua potable.<\/span><\/div>\n<div><span style=\"font-size: large;\">Los servicios higi\u00e9nicos, piletas para lavar ropa y duchas con agua caliente, se encuentran a unos metros del camping.<\/span><\/div>\n<div><span style=\"font-size: large;\">El camping de ADEOM se encuentra en la zona m\u00e1s al Sur del Balneario y Camping Las Ca\u00f1as.<\/span><\/div>\n<div><span style=\"font-size: large;\">El plazo para solicitar los d\u00edas de camping vence indefectiblemente el viernes 27 del cte. a las 12:00 hs.<\/span><\/div>\n<div><span style=\"font-size: large;\">El horario de oficina de ADEOM es de lunes a viernes de 08:00 a 12:00 y de 13:30 a 17:30 hs.<\/span><\/div>\n<div><span style=\"font-size: large;\">La persona encargada de los permisos es Eduardo Irigoyen.<\/span><\/div>\n<div><span style=\"font-size: large;\">Solicitamos darle la mayor difusi\u00f3n a esta noticia..<\/span><\/div>\n<div><span style=\"font-size: large;\">Los esperamos.<\/span><\/div>\n<div><span style=\"font-size: large;\">Saludos fraternos.<\/span><\/div>\n<div><span style=\"font-size: large;\">\u00a0<\/span><\/div>\n<div><span style=\"font-size: large;\">Julio Mart\u00ednez &#8211; Presidente<\/span><\/div>\n<div><\/div>\n<div><\/div>\n<div><a href=\"http:\/\/www.adeomrocha.com.uy\/wp-content\/uploads\/2015\/03\/camping-2015-ofrecimiento.jpg\"><img loading=\"lazy\" decoding=\"async\" class=\"alignnone size-medium wp-image-281\" src=\"http:\/\/www.adeomrocha.com.uy\/wp-content\/uploads\/2015\/03\/camping-2015-ofrecimiento-300x222.jpg\" alt=\"camping 2015 ofrecimiento\" width=\"300\" height=\"222\" srcset=\"https:\/\/www.adeomrocha.com.uy\/wp-content\/uploads\/2015\/03\/camping-2015-ofrecimiento-300x222.jpg 300w, https:\/\/www.adeomrocha.com.uy\/wp-content\/uploads\/2015\/03\/camping-2015-ofrecimiento-1024x757.jpg 1024w, https:\/\/www.adeomrocha.com.uy\/wp-content\/uploads\/2015\/03\/camping-2015-ofrecimiento-210x155.jpg 210w, https:\/\/www.adeomrocha.com.uy\/wp-content\/uploads\/2015\/03\/camping-2015-ofrecimiento.jpg 1739w\" sizes=\"auto, (max-width: 300px) 100vw, 300px\" \/><\/a><a href=\"http:\/\/www.adeomrocha.com.uy\/wp-content\/uploads\/2015\/03\/Las-Ca\u00c3\u00b1as-Imagen-satelital.jpg\"><img loading=\"lazy\" decoding=\"async\" class=\"alignnone size-medium wp-image-282\" src=\"http:\/\/www.adeomrocha.com.uy\/wp-content\/uploads\/2015\/03\/Las-Ca\u00c3\u00b1as-Imagen-satelital-216x300.jpg\" alt=\"Las Ca\u00c3\u00b1as  Imagen satelital\" width=\"216\" height=\"300\" srcset=\"https:\/\/www.adeomrocha.com.uy\/wp-content\/uploads\/2015\/03\/Las-Ca\u00c3\u00b1as-Imagen-satelital-216x300.jpg 216w, https:\/\/www.adeomrocha.com.uy\/wp-content\/uploads\/2015\/03\/Las-Ca\u00c3\u00b1as-Imagen-satelital-737x1024.jpg 737w, https:\/\/www.adeomrocha.com.uy\/wp-content\/uploads\/2015\/03\/Las-Ca\u00c3\u00b1as-Imagen-satelital-151x210.jpg 151w, https:\/\/www.adeomrocha.com.uy\/wp-content\/uploads\/2015\/03\/Las-Ca\u00c3\u00b1as-Imagen-satelital.jpg 897w\" sizes=\"auto, (max-width: 216px) 100vw, 216px\" \/><\/a> <a href=\"http:\/\/www.adeomrocha.com.uy\/wp-content\/uploads\/2015\/03\/las-canas.jpg\"><img loading=\"lazy\" decoding=\"async\" class=\"alignnone size-medium wp-image-283\" src=\"http:\/\/www.adeomrocha.com.uy\/wp-content\/uploads\/2015\/03\/las-canas-168x300.jpg\" alt=\"las-canas\" width=\"168\" height=\"300\" srcset=\"https:\/\/www.adeomrocha.com.uy\/wp-content\/uploads\/2015\/03\/las-canas-168x300.jpg 168w, https:\/\/www.adeomrocha.com.uy\/wp-content\/uploads\/2015\/03\/las-canas-574x1024.jpg 574w, https:\/\/www.adeomrocha.com.uy\/wp-content\/uploads\/2015\/03\/las-canas-118x210.jpg 118w, https:\/\/www.adeomrocha.com.uy\/wp-content\/uploads\/2015\/03\/las-canas.jpg 598w\" sizes=\"auto, (max-width: 168px) 100vw, 168px\" \/><\/a><\/div>\n","protected":false},"excerpt":{"rendered":"<p>Compa\u00f1eros y compa\u00f1eras: en su \u00faltima sesi\u00f3n la Comisi\u00f3n Directiva de ADEOM R\u00edo Negro decidi\u00f3 otorgar un importante beneficio a los socios del gremio de todo el Pa\u00eds (y su familia), que consiste en la posibilidad de usufructuar nuestro camping en el Balneario las Ca\u00f1as en forma gratuita, entre el 28 de marzo y el [&hellip;]<\/p>\n","protected":false},"author":1,"featured_media":281,"comment_status":"open","ping_status":"open","sticky":false,"template":"","format":"standard","meta":{"footnotes":""},"categories":[1],"tags":[],"class_list":["post-280","post","type-post","status-publish","format-standard","has-post-thumbnail","hentry","category-sin-categoria"],"_links":{"self":[{"href":"https:\/\/www.adeomrocha.com.uy\/index.php?rest_route=\/wp\/v2\/posts\/280","targetHints":{"allow":["GET"]}}],"collection":[{"href":"https:\/\/www.adeomrocha.com.uy\/index.php?rest_route=\/wp\/v2\/posts"}],"about":[{"href":"https:\/\/www.adeomrocha.com.uy\/index.php?rest_route=\/wp\/v2\/types\/post"}],"author":[{"embeddable":true,"href":"https:\/\/www.adeomrocha.com.uy\/index.php?rest_route=\/wp\/v2\/users\/1"}],"replies":[{"embeddable":true,"href":"https:\/\/www.adeomrocha.com.uy\/index.php?rest_route=%2Fwp%2Fv2%2Fcomments&post=280"}],"version-history":[{"count":1,"href":"https:\/\/www.adeomrocha.com.uy\/index.php?rest_route=\/wp\/v2\/posts\/280\/revisions"}],"predecessor-version":[{"id":284,"href":"https:\/\/www.adeomrocha.com.uy\/index.php?rest_route=\/wp\/v2\/posts\/280\/revisions\/284"}],"wp:featuredmedia":[{"embeddable":true,"href":"https:\/\/www.adeomrocha.com.uy\/index.php?rest_route=\/wp\/v2\/media\/281"}],"wp:attachment":[{"href":"https:\/\/www.adeomrocha.com.uy\/index.php?rest_route=%2Fwp%2Fv2%2Fmedia&parent=280"}],"wp:term":[{"taxonomy":"category","embeddable":true,"href":"https:\/\/www.adeomrocha.com.uy\/index.php?rest_route=%2Fwp%2Fv2%2Fcategories&post=280"},{"taxonomy":"post_tag","embeddable":true,"href":"https:\/\/www.adeomrocha.com.uy\/index.php?rest_route=%2Fwp%2Fv2%2Ftags&post=280"}],"curies":[{"name":"wp","href":"https:\/\/api.w.org\/{rel}","templated":true}]}}