{"id":276,"date":"2015-01-26T04:52:00","date_gmt":"2015-01-26T04:52:00","guid":{"rendered":"http:\/\/www.adeomrocha.com.uy\/?p=276"},"modified":"2015-01-26T04:52:00","modified_gmt":"2015-01-26T04:52:00","slug":"comunicado-de-prensa","status":"publish","type":"post","link":"https:\/\/www.adeomrocha.com.uy\/?p=276","title":{"rendered":"Comunicado de Prensa"},"content":{"rendered":"<pre>COMUNICADO\r\nEl sindicato de ADEOM Rocha por este medio manifiesta su preocupaci\u00f3n \r\npor el no pago de las UR (Prima por Presentismo correspondiente al \r\nsemestre Julio \u2013 Diciembre), entre otros adeudos que se mantiene con \r\nlos funcionarios de la Intendencia Departamental de Rocha.\r\nLa Comisi\u00f3n Directiva se estar\u00e1 reuniendo en las pr\u00f3ximas horas, para \r\nevaluar la mencionada situaci\u00f3n con \u00e1nimos de que esta sea resuelta. \r\nSe solicitar\u00e1 ser recibidos a la brevedad por el Ejecutivo Dptal para \r\nconocer de primera mano la real situaci\u00f3n financiera actual de la \r\nCOMUNA.\r\n\r\nPor ADEOM Rocha\r\n\r\nAndr\u00e9s de los Santos\r\nPresidente\r\n\r\n<a href=\"http:\/\/www.adeomrocha.com.uy\/wp-content\/uploads\/2014\/04\/1456038_628522803894042_6891302322817538859_n.jpg\"><img loading=\"lazy\" decoding=\"async\" class=\"alignnone size-medium wp-image-228\" src=\"http:\/\/www.adeomrocha.com.uy\/wp-content\/uploads\/2014\/04\/1456038_628522803894042_6891302322817538859_n-300x225.jpg\" alt=\"1456038_628522803894042_6891302322817538859_n\" width=\"300\" height=\"225\" srcset=\"https:\/\/www.adeomrocha.com.uy\/wp-content\/uploads\/2014\/04\/1456038_628522803894042_6891302322817538859_n-300x225.jpg 300w, https:\/\/www.adeomrocha.com.uy\/wp-content\/uploads\/2014\/04\/1456038_628522803894042_6891302322817538859_n-210x157.jpg 210w, https:\/\/www.adeomrocha.com.uy\/wp-content\/uploads\/2014\/04\/1456038_628522803894042_6891302322817538859_n.jpg 960w\" sizes=\"auto, (max-width: 300px) 100vw, 300px\" \/><\/a><\/pre>\n","protected":false},"excerpt":{"rendered":"<p>COMUNICADO El sindicato de ADEOM Rocha por este medio manifiesta su preocupaci\u00f3n por el no pago de las UR (Prima por Presentismo correspondiente al semestre Julio \u2013 Diciembre), entre otros adeudos que se mantiene con los funcionarios de la Intendencia Departamental de Rocha. La Comisi\u00f3n Directiva se estar\u00e1 reuniendo en las pr\u00f3ximas horas, para evaluar [&hellip;]<\/p>\n","protected":false},"author":1,"featured_media":228,"comment_status":"open","ping_status":"open","sticky":false,"template":"","format":"standard","meta":{"footnotes":""},"categories":[1],"tags":[],"class_list":["post-276","post","type-post","status-publish","format-standard","has-post-thumbnail","hentry","category-sin-categoria"],"_links":{"self":[{"href":"https:\/\/www.adeomrocha.com.uy\/index.php?rest_route=\/wp\/v2\/posts\/276","targetHints":{"allow":["GET"]}}],"collection":[{"href":"https:\/\/www.adeomrocha.com.uy\/index.php?rest_route=\/wp\/v2\/posts"}],"about":[{"href":"https:\/\/www.adeomrocha.com.uy\/index.php?rest_route=\/wp\/v2\/types\/post"}],"author":[{"embeddable":true,"href":"https:\/\/www.adeomrocha.com.uy\/index.php?rest_route=\/wp\/v2\/users\/1"}],"replies":[{"embeddable":true,"href":"https:\/\/www.adeomrocha.com.uy\/index.php?rest_route=%2Fwp%2Fv2%2Fcomments&post=276"}],"version-history":[{"count":1,"href":"https:\/\/www.adeomrocha.com.uy\/index.php?rest_route=\/wp\/v2\/posts\/276\/revisions"}],"predecessor-version":[{"id":277,"href":"https:\/\/www.adeomrocha.com.uy\/index.php?rest_route=\/wp\/v2\/posts\/276\/revisions\/277"}],"wp:featuredmedia":[{"embeddable":true,"href":"https:\/\/www.adeomrocha.com.uy\/index.php?rest_route=\/wp\/v2\/media\/228"}],"wp:attachment":[{"href":"https:\/\/www.adeomrocha.com.uy\/index.php?rest_route=%2Fwp%2Fv2%2Fmedia&parent=276"}],"wp:term":[{"taxonomy":"category","embeddable":true,"href":"https:\/\/www.adeomrocha.com.uy\/index.php?rest_route=%2Fwp%2Fv2%2Fcategories&post=276"},{"taxonomy":"post_tag","embeddable":true,"href":"https:\/\/www.adeomrocha.com.uy\/index.php?rest_route=%2Fwp%2Fv2%2Ftags&post=276"}],"curies":[{"name":"wp","href":"https:\/\/api.w.org\/{rel}","templated":true}]}}