{"id":2730,"date":"2024-11-29T19:37:53","date_gmt":"2024-11-29T19:37:53","guid":{"rendered":"https:\/\/www.adeomrocha.com.uy\/?p=2730"},"modified":"2025-01-08T17:12:38","modified_gmt":"2025-01-08T17:12:38","slug":"balance-de-gestion-y-nueva-directiva-a-la-vista","status":"publish","type":"post","link":"https:\/\/www.adeomrocha.com.uy\/?p=2730","title":{"rendered":"Balance de Gesti\u00f3n y Nueva Directiva a la Vista"},"content":{"rendered":"\n<p>En una entrevista exclusiva para <em>Difusora Rochense 1260 AM<\/em>, Central Informativo, conducidp por la periodista <strong>Grazziella Fern\u00e1ndez<\/strong>, el presidente de <strong>ADEOM Rocha<\/strong>, <strong>H\u00e9ctor Pereyra <\/strong>comparti\u00f3 un balance de su gesti\u00f3n y habl\u00f3 sobre el inminente relevo de autoridades previsto para el <strong>19 de diciembre<\/strong>.<\/p>\n\n\n\n<h3 class=\"wp-block-heading\"><strong>Tres Per\u00edodos de Lucha Sindical<\/strong><\/h3>\n\n\n\n<p>Pereyra, quien culmina su <strong>tercer mandato consecutivo<\/strong>, destac\u00f3 los logros alcanzados desde su primera presidencia en <strong>2012<\/strong>. Uno de los objetivos clave fue la mejora salarial para los trabajadores municipales, buscando alcanzar el equivalente a <strong>dos salarios m\u00ednimos nacionales<\/strong>. Aunque se lograron avances, el camino fue complejo debido a la falta de ampliaciones presupuestales en los \u00faltimos a\u00f1os.<\/p>\n\n\n\n<p>\u201cNo hubo ampliaciones que nos permitieran acortar esa distancia, aunque logramos negociar en plena pandemia el 100% del IPC, asegurando un crecimiento salarial anual\u201d, se\u00f1al\u00f3 Pereyra.<\/p>\n\n\n\n<h3 class=\"wp-block-heading\"><strong>Concursos de Ascenso: Un Proceso Lento pero en Marcha<\/strong><\/h3>\n\n\n\n<p>Otro tema destacado fue el proceso de <strong>concursos de ascenso<\/strong>, un desaf\u00edo que ha requerido a\u00f1os de trabajo. Pereyra record\u00f3 que el proceso iniciado en <strong>2014<\/strong> culmin\u00f3 reci\u00e9n en <strong>2019<\/strong> y se\u00f1al\u00f3 que actualmente est\u00e1n en marcha los concursos para los grados 3, esperando que contin\u00fae en <strong>febrero de 2025<\/strong>.<\/p>\n\n\n\n<h3 class=\"wp-block-heading\"><strong>Relaci\u00f3n con la Intendencia: Un Acuerdo In\u00e9dito<\/strong><\/h3>\n\n\n\n<p>Uno de los momentos m\u00e1s importantes de la gesti\u00f3n fue el acuerdo alcanzado con el  Intendente, Alejo Umpi\u00e9rrez, antes de su asunci\u00f3n oficial. Seg\u00fan Pereyra, este acuerdo permiti\u00f3 mantener las condiciones salariales pactadas, incluso durante la pandemia.<\/p>\n\n\n\n<p>\u201cEl incentivo al retiro se duplic\u00f3 de <strong>12 a 24 meses<\/strong>, lo que se convirti\u00f3 en una herramienta real para que los funcionarios puedan jubilarse con mayor seguridad financiera\u201d, destac\u00f3.<\/p>\n\n\n\n<h3 class=\"wp-block-heading\"><strong>Deudas y Endeudamiento de Funcionarios<\/strong><\/h3>\n\n\n\n<p>Un desaf\u00edo pendiente es el alto nivel de endeudamiento de algunos funcionarios, lo que incluso dificulta el pago de la cuota sindical de <strong>$330<\/strong>. \u201cEs un tema individual, pero el Ejecutivo deber\u00e1 evaluar c\u00f3mo abordar esta situaci\u00f3n\u201d, coment\u00f3 Pereyra.<\/p>\n\n\n\n<h3 class=\"wp-block-heading\"><strong>Nueva Directiva: Cambio de Rumbo<\/strong><\/h3>\n\n\n\n<p>El pr\u00f3ximo <strong>19 de diciembre<\/strong>, <strong>Juan Rodr\u00edguez<\/strong>, asumir\u00e1 la presidencia de ADEOM Rocha, acompa\u00f1ado por una directiva mayoritariamente renovada. Pereyra expres\u00f3 su esperanza de que los nuevos l\u00edderes mantengan los logros alcanzados y sigan avanzando en los derechos laborales.<\/p>\n\n\n\n<p>\u201cEstamos invitando a toda la comunidad al acto de transici\u00f3n a las 18 horas, con escribano p\u00fablico, para formalizar este cambio que marca una nueva etapa para ADEOM Rocha\u201d, concluy\u00f3.<\/p>\n\n\n\n<p>Con esta nueva directiva, el sindicato se prepara para enfrentar nuevos desaf\u00edos, buscando siempre el bienestar y la defensa de sus trabajadores.<\/p>\n","protected":false},"excerpt":{"rendered":"<p>En una entrevista exclusiva para Difusora Rochense 1260 AM, Central Informativo, conducidp por la periodista Grazziella Fern\u00e1ndez, el presidente de ADEOM Rocha, H\u00e9ctor Pereyra comparti\u00f3 un balance de su gesti\u00f3n y habl\u00f3 sobre el inminente relevo de autoridades previsto para el 19 de diciembre. Tres Per\u00edodos de Lucha Sindical Pereyra, quien culmina su tercer mandato [&hellip;]<\/p>\n","protected":false},"author":1,"featured_media":2727,"comment_status":"open","ping_status":"open","sticky":false,"template":"","format":"standard","meta":{"footnotes":""},"categories":[2],"tags":[],"class_list":["post-2730","post","type-post","status-publish","format-standard","has-post-thumbnail","hentry","category-informacion-general"],"_links":{"self":[{"href":"https:\/\/www.adeomrocha.com.uy\/index.php?rest_route=\/wp\/v2\/posts\/2730","targetHints":{"allow":["GET"]}}],"collection":[{"href":"https:\/\/www.adeomrocha.com.uy\/index.php?rest_route=\/wp\/v2\/posts"}],"about":[{"href":"https:\/\/www.adeomrocha.com.uy\/index.php?rest_route=\/wp\/v2\/types\/post"}],"author":[{"embeddable":true,"href":"https:\/\/www.adeomrocha.com.uy\/index.php?rest_route=\/wp\/v2\/users\/1"}],"replies":[{"embeddable":true,"href":"https:\/\/www.adeomrocha.com.uy\/index.php?rest_route=%2Fwp%2Fv2%2Fcomments&post=2730"}],"version-history":[{"count":1,"href":"https:\/\/www.adeomrocha.com.uy\/index.php?rest_route=\/wp\/v2\/posts\/2730\/revisions"}],"predecessor-version":[{"id":2731,"href":"https:\/\/www.adeomrocha.com.uy\/index.php?rest_route=\/wp\/v2\/posts\/2730\/revisions\/2731"}],"wp:featuredmedia":[{"embeddable":true,"href":"https:\/\/www.adeomrocha.com.uy\/index.php?rest_route=\/wp\/v2\/media\/2727"}],"wp:attachment":[{"href":"https:\/\/www.adeomrocha.com.uy\/index.php?rest_route=%2Fwp%2Fv2%2Fmedia&parent=2730"}],"wp:term":[{"taxonomy":"category","embeddable":true,"href":"https:\/\/www.adeomrocha.com.uy\/index.php?rest_route=%2Fwp%2Fv2%2Fcategories&post=2730"},{"taxonomy":"post_tag","embeddable":true,"href":"https:\/\/www.adeomrocha.com.uy\/index.php?rest_route=%2Fwp%2Fv2%2Ftags&post=2730"}],"curies":[{"name":"wp","href":"https:\/\/api.w.org\/{rel}","templated":true}]}}