{"id":2726,"date":"2024-11-27T00:21:40","date_gmt":"2024-11-27T00:21:40","guid":{"rendered":"https:\/\/www.adeomrocha.com.uy\/?p=2726"},"modified":"2025-01-08T17:12:31","modified_gmt":"2025-01-08T17:12:31","slug":"cambio-de-liderazgo-en-adeom-rocha-la-lucha-sindical-continua-con-nuevos-desafios","status":"publish","type":"post","link":"https:\/\/www.adeomrocha.com.uy\/?p=2726","title":{"rendered":"Cambio de Liderazgo en ADEOM Rocha: La lucha Sindical contin\u00faa con nuevos desaf\u00edos"},"content":{"rendered":"\n<p>El pr\u00f3ximo <strong>19 de diciembre<\/strong>, H\u00e9ctor Pereyra dejar\u00e1 la presidencia de ADEOM Rocha, cediendo el cargo a <strong>Juan Carlos Rodr\u00edguez<\/strong>, l\u00edder de la lista 77, \u201cEl cambio empieza con todos\u201d. En entrevista con Rochaaldia, Pereyra reflexion\u00f3 sobre su gesti\u00f3n, los logros, los desaf\u00edos pendientes y las luchas futuras del sindicato.<\/p>\n\n\n\n<h4 class=\"wp-block-heading\"><strong>Balance de Gesti\u00f3n<\/strong><\/h4>\n\n\n\n<p>Pereyra destac\u00f3 avances importantes, como la negociaci\u00f3n colectiva y la resoluci\u00f3n de conflictos estructurales, pero admiti\u00f3 que <strong>la deuda salarial de 2015-2020<\/strong> sigue siendo un tema pendiente:<\/p>\n\n\n\n<blockquote class=\"wp-block-quote is-layout-flow wp-block-quote-is-layout-flow\">\n<p><em>\u201cEs una deuda hist\u00f3rica que trasciende directivas. Lamentablemente, ten\u00edamos raz\u00f3n al prever problemas salariales desde 2015.\u201d<\/em><\/p>\n<\/blockquote>\n\n\n\n<h4 class=\"wp-block-heading\"><strong>Temas Clave: Concursos y Tercerizaciones<\/strong><\/h4>\n\n\n\n<ul class=\"wp-block-list\">\n<li><strong>Concursos de ascenso<\/strong>: Despu\u00e9s de ser anunciados en <strong>2020<\/strong>, comenzar\u00e1n en <strong>febrero de 2025<\/strong>.<\/li>\n\n\n\n<li><strong>Tercerizaciones<\/strong>: Pereyra alert\u00f3 sobre el aumento de servicios tercerizados, reduciendo la cantidad de municipales:<\/li>\n<\/ul>\n\n\n\n<blockquote class=\"wp-block-quote is-layout-flow wp-block-quote-is-layout-flow\">\n<p><em>\u201cCada vez somos menos los municipales y las tercerizaciones crecen. Es un retroceso que debe enfrentarse con firmeza.\u201d<\/em><\/p>\n<\/blockquote>\n\n\n\n<h4 class=\"wp-block-heading\"><strong>Pendientes: Nichos Sindicales<\/strong><\/h4>\n\n\n\n<p>Uno de los mayores desaf\u00edos no resueltos es la creaci\u00f3n de <strong>nichos sindicales<\/strong>, una propuesta activa desde <strong>2012<\/strong>. Pereyra lament\u00f3 la falta de apoyo pol\u00edtico para concretarlo:<\/p>\n\n\n\n<blockquote class=\"wp-block-quote is-layout-flow wp-block-quote-is-layout-flow\">\n<p><em>\u201cLa falta de voluntad pol\u00edtica ha frenado este proyecto, no el sindicato.\u201d<\/em><\/p>\n<\/blockquote>\n","protected":false},"excerpt":{"rendered":"<p>El pr\u00f3ximo 19 de diciembre, H\u00e9ctor Pereyra dejar\u00e1 la presidencia de ADEOM Rocha, cediendo el cargo a Juan Carlos Rodr\u00edguez, l\u00edder de la lista 77, \u201cEl cambio empieza con todos\u201d. En entrevista con Rochaaldia, Pereyra reflexion\u00f3 sobre su gesti\u00f3n, los logros, los desaf\u00edos pendientes y las luchas futuras del sindicato. Balance de Gesti\u00f3n Pereyra destac\u00f3 [&hellip;]<\/p>\n","protected":false},"author":1,"featured_media":2727,"comment_status":"open","ping_status":"open","sticky":false,"template":"","format":"standard","meta":{"footnotes":""},"categories":[2],"tags":[],"class_list":["post-2726","post","type-post","status-publish","format-standard","has-post-thumbnail","hentry","category-informacion-general"],"_links":{"self":[{"href":"https:\/\/www.adeomrocha.com.uy\/index.php?rest_route=\/wp\/v2\/posts\/2726","targetHints":{"allow":["GET"]}}],"collection":[{"href":"https:\/\/www.adeomrocha.com.uy\/index.php?rest_route=\/wp\/v2\/posts"}],"about":[{"href":"https:\/\/www.adeomrocha.com.uy\/index.php?rest_route=\/wp\/v2\/types\/post"}],"author":[{"embeddable":true,"href":"https:\/\/www.adeomrocha.com.uy\/index.php?rest_route=\/wp\/v2\/users\/1"}],"replies":[{"embeddable":true,"href":"https:\/\/www.adeomrocha.com.uy\/index.php?rest_route=%2Fwp%2Fv2%2Fcomments&post=2726"}],"version-history":[{"count":1,"href":"https:\/\/www.adeomrocha.com.uy\/index.php?rest_route=\/wp\/v2\/posts\/2726\/revisions"}],"predecessor-version":[{"id":2728,"href":"https:\/\/www.adeomrocha.com.uy\/index.php?rest_route=\/wp\/v2\/posts\/2726\/revisions\/2728"}],"wp:featuredmedia":[{"embeddable":true,"href":"https:\/\/www.adeomrocha.com.uy\/index.php?rest_route=\/wp\/v2\/media\/2727"}],"wp:attachment":[{"href":"https:\/\/www.adeomrocha.com.uy\/index.php?rest_route=%2Fwp%2Fv2%2Fmedia&parent=2726"}],"wp:term":[{"taxonomy":"category","embeddable":true,"href":"https:\/\/www.adeomrocha.com.uy\/index.php?rest_route=%2Fwp%2Fv2%2Fcategories&post=2726"},{"taxonomy":"post_tag","embeddable":true,"href":"https:\/\/www.adeomrocha.com.uy\/index.php?rest_route=%2Fwp%2Fv2%2Ftags&post=2726"}],"curies":[{"name":"wp","href":"https:\/\/api.w.org\/{rel}","templated":true}]}}