{"id":2723,"date":"2024-11-27T00:10:18","date_gmt":"2024-11-27T00:10:18","guid":{"rendered":"https:\/\/www.adeomrocha.com.uy\/?p=2723"},"modified":"2024-11-27T00:10:18","modified_gmt":"2024-11-27T00:10:18","slug":"renovacion-del-consejo-directivo-de-adeom-rocha-elecciones-del-19-de-noviembre","status":"publish","type":"post","link":"https:\/\/www.adeomrocha.com.uy\/?p=2723","title":{"rendered":"Renovaci\u00f3n del Consejo Directivo de ADEOM Rocha &#8211; Elecciones del 19 de Noviembre"},"content":{"rendered":"\n<h3 class=\"wp-block-heading\"><\/h3>\n\n\n\n<p>El pasado <strong>19 de noviembre<\/strong>, los funcionarios municipales de Rocha participaron activamente en las elecciones sindicales para la renovaci\u00f3n del consejo directivo de <strong>ADEOM Rocha<\/strong>. En esta instancia democr\u00e1tica, la <strong>lista 77<\/strong>, bajo el lema <strong>\u201cEl cambio empieza con todos\u201d<\/strong> y liderada por <strong>Juan Carlos Rodr\u00edguez<\/strong>, result\u00f3 vencedora, marcando el inicio de un nuevo ciclo en la conducci\u00f3n sindical.<\/p>\n\n\n\n<h4 class=\"wp-block-heading\">El nuevo consejo directivo de ADEOM Rocha estar\u00e1 conformado por <strong>siete integrantes<\/strong>, con una representaci\u00f3n geogr\u00e1fica que incluye a diferentes zonas del departamento, como Rocha, La Paloma y Chuy, destacando as\u00ed la diversidad y la importancia de integrar voces de todos los sectores municipales.<\/h4>\n\n\n\n<h4 class=\"wp-block-heading\"><strong>Declaraciones del Presidente Electo, Juan Carlos Rodr\u00edguez<\/strong><\/h4>\n\n\n\n<p>En sus primeras declaraciones tras el triunfo, Rodr\u00edguez expres\u00f3 su agradecimiento a los funcionarios que confiaron en su equipo:<\/p>\n\n\n\n<p><em>\u00abAgradecemos a los compa\u00f1eros que hicieron esto posible. Nos toca encarar este desaf\u00edo con fuerza y propuestas para los socios. Trabajaremos con una mirada amplia, escuchando y brindando opciones a cada funcionario.\u00bb<\/em><\/p>\n\n\n\n<p>Entre los ejes principales que marcar\u00e1n la nueva gesti\u00f3n, el presidente destac\u00f3:<\/p>\n\n\n\n<ul class=\"wp-block-list\">\n<li><strong>Creaci\u00f3n de comisiones espec\u00edficas<\/strong>: Se fomentar\u00e1n espacios como una <strong>Comisi\u00f3n de Deportes<\/strong>, propuesta pendiente desde la anterior directiva, con el objetivo de fortalecer la participaci\u00f3n y el bienestar de los socios.<\/li>\n\n\n\n<li><strong>Organizaci\u00f3n de eventos<\/strong>: Se impulsar\u00e1n actividades sociales como la esperada <strong>fiesta municipal<\/strong>, demandada por muchos trabajadores.<\/li>\n\n\n\n<li><strong>Negociaci\u00f3n salarial y laboral<\/strong>: Rodr\u00edguez subray\u00f3 la importancia de continuar las negociaciones actuales con el Ejecutivo para mejorar las condiciones salariales y laborales, afirmando que la lucha por <strong>salarios justos<\/strong> seguir\u00e1 siendo una prioridad.<\/li>\n<\/ul>\n\n\n\n<h4 class=\"wp-block-heading\"><strong>Remunicipalizaci\u00f3n: Una Promesa Firme<\/strong><\/h4>\n\n\n\n<p>Uno de los temas m\u00e1s sensibles abordados por Rodr\u00edguez es el compromiso con la <strong>remunicipalizaci\u00f3n de los trabajadores<\/strong> que fueron transferidos a la Fundaci\u00f3n, calificando esta situaci\u00f3n como una injusticia:<\/p>\n\n\n\n<p><em>\u00abEs una tarea prioritaria. Esos compa\u00f1eros eran municipales, y lo que pas\u00f3 fue p\u00e9simo. Promet\u00ed luchar por su retorno, y no voy a descansar hasta lograrlo.\u00bb<\/em><\/p>\n\n\n\n<h4 class=\"wp-block-heading\">Desde ADEOM Rocha, invitamos a todos los socios a sumarse activamente a este nuevo camino de transformaci\u00f3n y fortalecimiento sindical. \u00a1El cambio comienza con todos!<\/h4>\n\n\n\n<p><\/p>\n","protected":false},"excerpt":{"rendered":"<p>El pasado 19 de noviembre, los funcionarios municipales de Rocha participaron activamente en las elecciones sindicales para la renovaci\u00f3n del consejo directivo de ADEOM Rocha. En esta instancia democr\u00e1tica, la lista 77, bajo el lema \u201cEl cambio empieza con todos\u201d y liderada por Juan Carlos Rodr\u00edguez, result\u00f3 vencedora, marcando el inicio de un nuevo ciclo [&hellip;]<\/p>\n","protected":false},"author":1,"featured_media":2724,"comment_status":"open","ping_status":"open","sticky":false,"template":"","format":"standard","meta":{"footnotes":""},"categories":[2],"tags":[],"class_list":["post-2723","post","type-post","status-publish","format-standard","has-post-thumbnail","hentry","category-informacion-general"],"_links":{"self":[{"href":"https:\/\/www.adeomrocha.com.uy\/index.php?rest_route=\/wp\/v2\/posts\/2723","targetHints":{"allow":["GET"]}}],"collection":[{"href":"https:\/\/www.adeomrocha.com.uy\/index.php?rest_route=\/wp\/v2\/posts"}],"about":[{"href":"https:\/\/www.adeomrocha.com.uy\/index.php?rest_route=\/wp\/v2\/types\/post"}],"author":[{"embeddable":true,"href":"https:\/\/www.adeomrocha.com.uy\/index.php?rest_route=\/wp\/v2\/users\/1"}],"replies":[{"embeddable":true,"href":"https:\/\/www.adeomrocha.com.uy\/index.php?rest_route=%2Fwp%2Fv2%2Fcomments&post=2723"}],"version-history":[{"count":1,"href":"https:\/\/www.adeomrocha.com.uy\/index.php?rest_route=\/wp\/v2\/posts\/2723\/revisions"}],"predecessor-version":[{"id":2725,"href":"https:\/\/www.adeomrocha.com.uy\/index.php?rest_route=\/wp\/v2\/posts\/2723\/revisions\/2725"}],"wp:featuredmedia":[{"embeddable":true,"href":"https:\/\/www.adeomrocha.com.uy\/index.php?rest_route=\/wp\/v2\/media\/2724"}],"wp:attachment":[{"href":"https:\/\/www.adeomrocha.com.uy\/index.php?rest_route=%2Fwp%2Fv2%2Fmedia&parent=2723"}],"wp:term":[{"taxonomy":"category","embeddable":true,"href":"https:\/\/www.adeomrocha.com.uy\/index.php?rest_route=%2Fwp%2Fv2%2Fcategories&post=2723"},{"taxonomy":"post_tag","embeddable":true,"href":"https:\/\/www.adeomrocha.com.uy\/index.php?rest_route=%2Fwp%2Fv2%2Ftags&post=2723"}],"curies":[{"name":"wp","href":"https:\/\/api.w.org\/{rel}","templated":true}]}}