{"id":2720,"date":"2024-11-20T02:44:41","date_gmt":"2024-11-20T02:44:41","guid":{"rendered":"https:\/\/www.adeomrocha.com.uy\/?p=2720"},"modified":"2025-01-08T17:09:10","modified_gmt":"2025-01-08T17:09:10","slug":"tenemos-nuevo-presidente","status":"publish","type":"post","link":"https:\/\/www.adeomrocha.com.uy\/?p=2720","title":{"rendered":"TENEMOS NUEVO PRESIDENTE"},"content":{"rendered":"\n<p>Este martes 19 de noviembre, los funcionarios municipales de Rocha llevaron a cabo las elecciones para renovar el consejo directivo de nuestro sindicato, un proceso democr\u00e1tico que fortalece nuestra organizaci\u00f3n y refuerza el compromiso de todos con la defensa de los derechos laborales.<\/p>\n\n\n\n<p>Felicitamos calurosamente al nuevo presidente de ADEOM Rocha, <strong>Juan Carlos Rodr\u00edguez<\/strong>, y al resto de los integrantes de la <strong>Lista 77, \u201cEl cambio empieza con todos\u201d<\/strong>, quienes fueron electos para liderar nuestro sindicato en esta nueva etapa. Estamos seguros de que asumir\u00e1n con responsabilidad y dedicaci\u00f3n los desaf\u00edos que se avecinan, incluyendo las negociaciones colectivas 2025-2030 y el avance de los objetivos sindicales.<\/p>\n\n\n\n<p>Queremos tambi\u00e9n reconocer y valorar el esfuerzo y compromiso de los integrantes de la <strong>Lista 4667, \u201cPor un ADEOM unido y representante\u201d<\/strong>, quienes, con sus propuestas y dedicaci\u00f3n, enriquecieron este proceso electoral y demostraron la fortaleza de nuestra instituci\u00f3n.<\/p>\n\n\n\n<p>Finalmente, agradecemos profundamente a los socios habilitados que participaron en esta jornada electoral. Su apoyo y voto son fundamentales para el fortalecimiento de ADEOM Rocha, ya que demuestran una vez m\u00e1s que juntos podemos construir un sindicato representativo y s\u00f3lido.<\/p>\n\n\n\n<p>\u00a1Felicitaciones a todos los involucrados en este proceso democr\u00e1tico!<\/p>\n\n\n\n<p><strong>ADEOM Rocha<\/strong><br>Unidad, Solidaridad y Lucha.<\/p>\n\n\n\n<figure class=\"wp-block-image size-large\"><a href=\"http:\/\/www.adeomrocha.com.uy\/wp-content\/uploads\/2024\/11\/WhatsApp-Image-2024-11-12-at-11.08.42-AM.jpeg\"><img loading=\"lazy\" decoding=\"async\" width=\"949\" height=\"1024\" src=\"http:\/\/www.adeomrocha.com.uy\/wp-content\/uploads\/2024\/11\/WhatsApp-Image-2024-11-12-at-11.08.42-AM-949x1024.jpeg\" alt=\"\" class=\"wp-image-2716\" srcset=\"https:\/\/www.adeomrocha.com.uy\/wp-content\/uploads\/2024\/11\/WhatsApp-Image-2024-11-12-at-11.08.42-AM-949x1024.jpeg 949w, https:\/\/www.adeomrocha.com.uy\/wp-content\/uploads\/2024\/11\/WhatsApp-Image-2024-11-12-at-11.08.42-AM-278x300.jpeg 278w, https:\/\/www.adeomrocha.com.uy\/wp-content\/uploads\/2024\/11\/WhatsApp-Image-2024-11-12-at-11.08.42-AM-768x829.jpeg 768w, https:\/\/www.adeomrocha.com.uy\/wp-content\/uploads\/2024\/11\/WhatsApp-Image-2024-11-12-at-11.08.42-AM-1424x1536.jpeg 1424w, https:\/\/www.adeomrocha.com.uy\/wp-content\/uploads\/2024\/11\/WhatsApp-Image-2024-11-12-at-11.08.42-AM.jpeg 1483w\" sizes=\"auto, (max-width: 949px) 100vw, 949px\" \/><\/a><\/figure>\n\n\n\n<p><\/p>\n","protected":false},"excerpt":{"rendered":"<p>Este martes 19 de noviembre, los funcionarios municipales de Rocha llevaron a cabo las elecciones para renovar el consejo directivo de nuestro sindicato, un proceso democr\u00e1tico que fortalece nuestra organizaci\u00f3n y refuerza el compromiso de todos con la defensa de los derechos laborales. Felicitamos calurosamente al nuevo presidente de ADEOM Rocha, Juan Carlos Rodr\u00edguez, y [&hellip;]<\/p>\n","protected":false},"author":1,"featured_media":2721,"comment_status":"open","ping_status":"open","sticky":false,"template":"","format":"standard","meta":{"footnotes":""},"categories":[2],"tags":[],"class_list":["post-2720","post","type-post","status-publish","format-standard","has-post-thumbnail","hentry","category-informacion-general"],"_links":{"self":[{"href":"https:\/\/www.adeomrocha.com.uy\/index.php?rest_route=\/wp\/v2\/posts\/2720","targetHints":{"allow":["GET"]}}],"collection":[{"href":"https:\/\/www.adeomrocha.com.uy\/index.php?rest_route=\/wp\/v2\/posts"}],"about":[{"href":"https:\/\/www.adeomrocha.com.uy\/index.php?rest_route=\/wp\/v2\/types\/post"}],"author":[{"embeddable":true,"href":"https:\/\/www.adeomrocha.com.uy\/index.php?rest_route=\/wp\/v2\/users\/1"}],"replies":[{"embeddable":true,"href":"https:\/\/www.adeomrocha.com.uy\/index.php?rest_route=%2Fwp%2Fv2%2Fcomments&post=2720"}],"version-history":[{"count":1,"href":"https:\/\/www.adeomrocha.com.uy\/index.php?rest_route=\/wp\/v2\/posts\/2720\/revisions"}],"predecessor-version":[{"id":2722,"href":"https:\/\/www.adeomrocha.com.uy\/index.php?rest_route=\/wp\/v2\/posts\/2720\/revisions\/2722"}],"wp:featuredmedia":[{"embeddable":true,"href":"https:\/\/www.adeomrocha.com.uy\/index.php?rest_route=\/wp\/v2\/media\/2721"}],"wp:attachment":[{"href":"https:\/\/www.adeomrocha.com.uy\/index.php?rest_route=%2Fwp%2Fv2%2Fmedia&parent=2720"}],"wp:term":[{"taxonomy":"category","embeddable":true,"href":"https:\/\/www.adeomrocha.com.uy\/index.php?rest_route=%2Fwp%2Fv2%2Fcategories&post=2720"},{"taxonomy":"post_tag","embeddable":true,"href":"https:\/\/www.adeomrocha.com.uy\/index.php?rest_route=%2Fwp%2Fv2%2Ftags&post=2720"}],"curies":[{"name":"wp","href":"https:\/\/api.w.org\/{rel}","templated":true}]}}