{"id":2718,"date":"2024-11-15T18:40:08","date_gmt":"2024-11-15T18:40:08","guid":{"rendered":"https:\/\/www.adeomrocha.com.uy\/?p=2718"},"modified":"2025-01-08T17:12:48","modified_gmt":"2025-01-08T17:12:48","slug":"comunicado-de-adeom-rocha-ante-el-fallecimiento-de-un-trabajador-municipal","status":"publish","type":"post","link":"https:\/\/www.adeomrocha.com.uy\/?p=2718","title":{"rendered":"Comunicado de ADEOM Rocha ante el fallecimiento de un trabajador municipal"},"content":{"rendered":"\n<p><\/p>\n\n\n\n<p>Con profundo dolor y consternaci\u00f3n, desde la Asociaci\u00f3n de Empleados y Obreros Municipales de Rocha (ADEOM Rocha) queremos expresar nuestras sinceras condolencias a la familia, amigos y compa\u00f1eros del trabajador municipal fallecido en el d\u00eda de hoy, luego de ser atacado por un enjambre de abejas mientras cumpl\u00eda con sus tareas laborales.<\/p>\n\n\n\n<p>Este tr\u00e1gico suceso nos recuerda la necesidad urgente de extremar las medidas de seguridad para todos los trabajadores municipales, quienes, a diario, enfrentan diversos riesgos en el cumplimiento de sus funciones. Como organizaci\u00f3n, reiteramos nuestro compromiso de velar por la integridad y el bienestar de cada uno de nuestros compa\u00f1eros, exigiendo condiciones de trabajo seguras y protocolos de prevenci\u00f3n adecuados.<\/p>\n\n\n\n<p>Instamos a las autoridades a realizar un an\u00e1lisis profundo de lo sucedido, con el objetivo de implementar medidas preventivas, tales como la supervisi\u00f3n continua de \u00e1reas potencialmente peligrosas y la capacitaci\u00f3n en primeros auxilios y respuesta ante emergencias para todo el personal expuesto.<\/p>\n\n\n\n<p>ADEOM Rocha se compromete a acompa\u00f1ar a la familia del compa\u00f1ero fallecido en este dif\u00edcil momento y a trabajar para que incidentes de esta naturaleza no se repitan. Continuaremos exigiendo que la seguridad laboral sea una prioridad en cada tarea que desempe\u00f1en nuestros trabajadores.<\/p>\n\n\n\n<p><strong>ADEOM Rocha<\/strong><\/p>\n","protected":false},"excerpt":{"rendered":"<p>Con profundo dolor y consternaci\u00f3n, desde la Asociaci\u00f3n de Empleados y Obreros Municipales de Rocha (ADEOM Rocha) queremos expresar nuestras sinceras condolencias a la familia, amigos y compa\u00f1eros del trabajador municipal fallecido en el d\u00eda de hoy, luego de ser atacado por un enjambre de abejas mientras cumpl\u00eda con sus tareas laborales. Este tr\u00e1gico suceso [&hellip;]<\/p>\n","protected":false},"author":1,"featured_media":2687,"comment_status":"open","ping_status":"open","sticky":false,"template":"","format":"standard","meta":{"footnotes":""},"categories":[2],"tags":[],"class_list":["post-2718","post","type-post","status-publish","format-standard","has-post-thumbnail","hentry","category-informacion-general"],"_links":{"self":[{"href":"https:\/\/www.adeomrocha.com.uy\/index.php?rest_route=\/wp\/v2\/posts\/2718","targetHints":{"allow":["GET"]}}],"collection":[{"href":"https:\/\/www.adeomrocha.com.uy\/index.php?rest_route=\/wp\/v2\/posts"}],"about":[{"href":"https:\/\/www.adeomrocha.com.uy\/index.php?rest_route=\/wp\/v2\/types\/post"}],"author":[{"embeddable":true,"href":"https:\/\/www.adeomrocha.com.uy\/index.php?rest_route=\/wp\/v2\/users\/1"}],"replies":[{"embeddable":true,"href":"https:\/\/www.adeomrocha.com.uy\/index.php?rest_route=%2Fwp%2Fv2%2Fcomments&post=2718"}],"version-history":[{"count":1,"href":"https:\/\/www.adeomrocha.com.uy\/index.php?rest_route=\/wp\/v2\/posts\/2718\/revisions"}],"predecessor-version":[{"id":2719,"href":"https:\/\/www.adeomrocha.com.uy\/index.php?rest_route=\/wp\/v2\/posts\/2718\/revisions\/2719"}],"wp:featuredmedia":[{"embeddable":true,"href":"https:\/\/www.adeomrocha.com.uy\/index.php?rest_route=\/wp\/v2\/media\/2687"}],"wp:attachment":[{"href":"https:\/\/www.adeomrocha.com.uy\/index.php?rest_route=%2Fwp%2Fv2%2Fmedia&parent=2718"}],"wp:term":[{"taxonomy":"category","embeddable":true,"href":"https:\/\/www.adeomrocha.com.uy\/index.php?rest_route=%2Fwp%2Fv2%2Fcategories&post=2718"},{"taxonomy":"post_tag","embeddable":true,"href":"https:\/\/www.adeomrocha.com.uy\/index.php?rest_route=%2Fwp%2Fv2%2Ftags&post=2718"}],"curies":[{"name":"wp","href":"https:\/\/api.w.org\/{rel}","templated":true}]}}