{"id":2705,"date":"2024-11-09T14:11:31","date_gmt":"2024-11-09T14:11:31","guid":{"rendered":"https:\/\/www.adeomrocha.com.uy\/?p=2705"},"modified":"2025-01-08T17:14:32","modified_gmt":"2025-01-08T17:14:32","slug":"solicitud-de-reunion-con-intendente","status":"publish","type":"post","link":"https:\/\/www.adeomrocha.com.uy\/?p=2705","title":{"rendered":"SOLICITUD DE REUNI\u00d3N CON INTENDENTE"},"content":{"rendered":"\n<p>Desde la Ascociaci\u00f3n de Empleados y Obreros Municipales de Rocha (ADEOM) informamos que el viernes 8 de noviembre en nuestra sede gremial realizamos, tal como estaba previsto, la Asamblea General Ordinaria.  El \u00fanico punto a tratar en este ambito fue la Asamblea de Balance y Memoria Anual, en la cual se analizaron los logros, dificultades y el estado general de las actividades realizadas por el gremio en el \u00faltimo a\u00f1o.<\/p>\n\n\n\n<p>Al culminar la misma se emiti\u00f3 al intendente Nicol\u00e1s Garc\u00eda una solicitud de reuni\u00f3n en car\u00e1cter de grave y urgente, amparados en el art\u00edculo 7 del convenio colectivo vigente. Motiva dicha solicitud y amparo en el art\u00edculo mencionado, tratar la situaci\u00f3n de irregularidades acontecidas de plazos fijados en el proceso de concurso de llamado de ascenso 2023.<\/p>\n\n\n\n<figure class=\"wp-block-image size-full\"><a href=\"https:\/\/www.adeomrocha.com.uy\/wp-content\/uploads\/2024\/11\/81877ebf-022f-4fd6-be6d-3e3ecd2644d5.jpg\"><img loading=\"lazy\" decoding=\"async\" width=\"450\" height=\"600\" src=\"https:\/\/www.adeomrocha.com.uy\/wp-content\/uploads\/2024\/11\/81877ebf-022f-4fd6-be6d-3e3ecd2644d5.jpg\" alt=\"\" class=\"wp-image-2706\" srcset=\"https:\/\/www.adeomrocha.com.uy\/wp-content\/uploads\/2024\/11\/81877ebf-022f-4fd6-be6d-3e3ecd2644d5.jpg 450w, https:\/\/www.adeomrocha.com.uy\/wp-content\/uploads\/2024\/11\/81877ebf-022f-4fd6-be6d-3e3ecd2644d5-225x300.jpg 225w\" sizes=\"auto, (max-width: 450px) 100vw, 450px\" \/><\/a><\/figure>\n\n\n\n<p><\/p>\n","protected":false},"excerpt":{"rendered":"<p>Desde la Ascociaci\u00f3n de Empleados y Obreros Municipales de Rocha (ADEOM) informamos que el viernes 8 de noviembre en nuestra sede gremial realizamos, tal como estaba previsto, la Asamblea General Ordinaria. El \u00fanico punto a tratar en este ambito fue la Asamblea de Balance y Memoria Anual, en la cual se analizaron los logros, dificultades [&hellip;]<\/p>\n","protected":false},"author":1,"featured_media":2687,"comment_status":"open","ping_status":"open","sticky":false,"template":"","format":"standard","meta":{"footnotes":""},"categories":[2],"tags":[],"class_list":["post-2705","post","type-post","status-publish","format-standard","has-post-thumbnail","hentry","category-informacion-general"],"_links":{"self":[{"href":"https:\/\/www.adeomrocha.com.uy\/index.php?rest_route=\/wp\/v2\/posts\/2705","targetHints":{"allow":["GET"]}}],"collection":[{"href":"https:\/\/www.adeomrocha.com.uy\/index.php?rest_route=\/wp\/v2\/posts"}],"about":[{"href":"https:\/\/www.adeomrocha.com.uy\/index.php?rest_route=\/wp\/v2\/types\/post"}],"author":[{"embeddable":true,"href":"https:\/\/www.adeomrocha.com.uy\/index.php?rest_route=\/wp\/v2\/users\/1"}],"replies":[{"embeddable":true,"href":"https:\/\/www.adeomrocha.com.uy\/index.php?rest_route=%2Fwp%2Fv2%2Fcomments&post=2705"}],"version-history":[{"count":1,"href":"https:\/\/www.adeomrocha.com.uy\/index.php?rest_route=\/wp\/v2\/posts\/2705\/revisions"}],"predecessor-version":[{"id":2707,"href":"https:\/\/www.adeomrocha.com.uy\/index.php?rest_route=\/wp\/v2\/posts\/2705\/revisions\/2707"}],"wp:featuredmedia":[{"embeddable":true,"href":"https:\/\/www.adeomrocha.com.uy\/index.php?rest_route=\/wp\/v2\/media\/2687"}],"wp:attachment":[{"href":"https:\/\/www.adeomrocha.com.uy\/index.php?rest_route=%2Fwp%2Fv2%2Fmedia&parent=2705"}],"wp:term":[{"taxonomy":"category","embeddable":true,"href":"https:\/\/www.adeomrocha.com.uy\/index.php?rest_route=%2Fwp%2Fv2%2Fcategories&post=2705"},{"taxonomy":"post_tag","embeddable":true,"href":"https:\/\/www.adeomrocha.com.uy\/index.php?rest_route=%2Fwp%2Fv2%2Ftags&post=2705"}],"curies":[{"name":"wp","href":"https:\/\/api.w.org\/{rel}","templated":true}]}}