{"id":2698,"date":"2024-10-24T01:52:18","date_gmt":"2024-10-24T01:52:18","guid":{"rendered":"https:\/\/www.adeomrocha.com.uy\/?p=2698"},"modified":"2025-01-08T17:13:09","modified_gmt":"2025-01-08T17:13:09","slug":"se-conmemora-el-dia-nacional-del-periodista-del-trabajador-de-los-medios-de-comunicacion-en-uruguay","status":"publish","type":"post","link":"https:\/\/www.adeomrocha.com.uy\/?p=2698","title":{"rendered":"Se conmemora el D\u00eda Nacional del Periodista del Trabajador de los Medios de Comunicaci\u00f3n en Uruguay."},"content":{"rendered":"\n<p>En este d\u00eda tan especial, desde ADEOM Rocha queremos hacer un reconocimiento a todos los periodistas que, con su compromiso y valent\u00eda, se dedican a informar a la ciudadan\u00eda con veracidad y responsabilidad. Ustedes, que recorren cada rinc\u00f3n de nuestro departamento, son la voz de quienes muchas veces no pueden ser escuchados y el puente entre la realidad cotidiana y la verdad que todos necesitamos conocer.<\/p>\n\n\n\n<p>La labor period\u00edstica, al igual que la nuestra como trabajadores municipales, enfrenta constantes desaf\u00edos. Desde la Asociaci\u00f3n de Empleados y Obreros Municipales, sabemos lo que significa luchar por derechos y condiciones dignas de trabajo, y en ese sentido, admiramos profundamente su tarea. En cada nota, en cada cr\u00f3nica, en cada investigaci\u00f3n, hay un esfuerzo por hacer visible lo que otros intentan ocultar, y esa lucha es tambi\u00e9n la nuestra.<\/p>\n\n\n\n<p>El periodismo no solo informa, tambi\u00e9n educa, inspira y moviliza. En estos tiempos donde la informaci\u00f3n circula tan r\u00e1pido y la verdad a veces se diluye entre intereses, su rol es m\u00e1s crucial que nunca. Son el pilar de la democracia, guardianes de la transparencia y la justicia social.<\/p>\n\n\n\n<p>Desde ADEOM Rocha, les expresamos nuestro respeto y gratitud. Sigamos caminando juntos, en la defensa de los derechos, la libertad de expresi\u00f3n y la verdad. \u00a1Feliz d\u00eda a todos los periodistas!<\/p>\n","protected":false},"excerpt":{"rendered":"<p>En este d\u00eda tan especial, desde ADEOM Rocha queremos hacer un reconocimiento a todos los periodistas que, con su compromiso y valent\u00eda, se dedican a informar a la ciudadan\u00eda con veracidad y responsabilidad. Ustedes, que recorren cada rinc\u00f3n de nuestro departamento, son la voz de quienes muchas veces no pueden ser escuchados y el puente [&hellip;]<\/p>\n","protected":false},"author":1,"featured_media":2699,"comment_status":"open","ping_status":"open","sticky":false,"template":"","format":"standard","meta":{"footnotes":""},"categories":[2],"tags":[],"class_list":["post-2698","post","type-post","status-publish","format-standard","has-post-thumbnail","hentry","category-informacion-general"],"_links":{"self":[{"href":"https:\/\/www.adeomrocha.com.uy\/index.php?rest_route=\/wp\/v2\/posts\/2698","targetHints":{"allow":["GET"]}}],"collection":[{"href":"https:\/\/www.adeomrocha.com.uy\/index.php?rest_route=\/wp\/v2\/posts"}],"about":[{"href":"https:\/\/www.adeomrocha.com.uy\/index.php?rest_route=\/wp\/v2\/types\/post"}],"author":[{"embeddable":true,"href":"https:\/\/www.adeomrocha.com.uy\/index.php?rest_route=\/wp\/v2\/users\/1"}],"replies":[{"embeddable":true,"href":"https:\/\/www.adeomrocha.com.uy\/index.php?rest_route=%2Fwp%2Fv2%2Fcomments&post=2698"}],"version-history":[{"count":1,"href":"https:\/\/www.adeomrocha.com.uy\/index.php?rest_route=\/wp\/v2\/posts\/2698\/revisions"}],"predecessor-version":[{"id":2700,"href":"https:\/\/www.adeomrocha.com.uy\/index.php?rest_route=\/wp\/v2\/posts\/2698\/revisions\/2700"}],"wp:featuredmedia":[{"embeddable":true,"href":"https:\/\/www.adeomrocha.com.uy\/index.php?rest_route=\/wp\/v2\/media\/2699"}],"wp:attachment":[{"href":"https:\/\/www.adeomrocha.com.uy\/index.php?rest_route=%2Fwp%2Fv2%2Fmedia&parent=2698"}],"wp:term":[{"taxonomy":"category","embeddable":true,"href":"https:\/\/www.adeomrocha.com.uy\/index.php?rest_route=%2Fwp%2Fv2%2Fcategories&post=2698"},{"taxonomy":"post_tag","embeddable":true,"href":"https:\/\/www.adeomrocha.com.uy\/index.php?rest_route=%2Fwp%2Fv2%2Ftags&post=2698"}],"curies":[{"name":"wp","href":"https:\/\/api.w.org\/{rel}","templated":true}]}}