{"id":269,"date":"2015-01-16T23:39:01","date_gmt":"2015-01-16T23:39:01","guid":{"rendered":"http:\/\/www.adeomrocha.com.uy\/?p=269"},"modified":"2015-01-17T00:12:45","modified_gmt":"2015-01-17T00:12:45","slug":"nuevas-autoridades-en-adeom-rocha","status":"publish","type":"post","link":"https:\/\/www.adeomrocha.com.uy\/?p=269","title":{"rendered":"Nuevas autoridades en ADEOM Rocha"},"content":{"rendered":"<p>Luego del acto eleccionario de la Asociaci\u00f3n de Empleados<br \/>\ny Obreros Municipales de Rocha, realizado el d\u00eda 25 de noviembre de<br \/>\n2014 en la ciudad de Rocha, cumpliendo as\u00ed como lo marca en el<br \/>\ncap\u00edtulo cinco art\u00edculo dieciocho de nuestro Estatuto; comunica e<br \/>\ninforma que en el d\u00eda de la fecha se hace efectivo la constituci\u00f3n de<br \/>\nla nueva directiva para el per\u00edodo Diciembre Dos mil catorce \u2013<br \/>\nDiciembre dos mil diecis\u00e9is.<br \/>\nQuedando \u00e9sta conformada de la siguiente manera:<\/p>\n<p>Andr\u00e9s de los Santos &#8211; Presidente<br \/>\nSergio Osano &#8211; Vicepresidente<br \/>\nFernando De le\u00f3n &#8211; Secretario General<br \/>\nGloria Acosta &#8211; Pro Secretaria<br \/>\nMiguel Rodr\u00edguez &#8211; Tesorero<br \/>\nGuillermo Mier &#8211; Pro Tesorero<br \/>\nSusana Techera &#8211; Primer Vocal<br \/>\nMartin Vigo &#8211; Segundo Vocal<br \/>\nSergio Marinho &#8211; Tercer Vocal<br \/>\nEduardo Riera &#8211; Cuarto Vocal<br \/>\nDarwin Su\u00e1rez &#8211; Quinto Vocal<\/p>\n<p style=\"text-align: center;\"><a href=\"http:\/\/www.adeomrocha.com.uy\/wp-content\/uploads\/2013\/10\/DSC01938.jpg\"><img loading=\"lazy\" decoding=\"async\" class=\" size-medium wp-image-93 aligncenter\" src=\"http:\/\/www.adeomrocha.com.uy\/wp-content\/uploads\/2013\/10\/DSC01938-300x225.jpg\" alt=\"DSC01938\" width=\"300\" height=\"225\" srcset=\"https:\/\/www.adeomrocha.com.uy\/wp-content\/uploads\/2013\/10\/DSC01938-300x225.jpg 300w, https:\/\/www.adeomrocha.com.uy\/wp-content\/uploads\/2013\/10\/DSC01938-210x157.jpg 210w, https:\/\/www.adeomrocha.com.uy\/wp-content\/uploads\/2013\/10\/DSC01938.jpg 800w\" sizes=\"auto, (max-width: 300px) 100vw, 300px\" \/><\/a><br \/>\nAndres de los Santos<\/p>\n","protected":false},"excerpt":{"rendered":"<p>Luego del acto eleccionario de la Asociaci\u00f3n de Empleados y Obreros Municipales de Rocha, realizado el d\u00eda 25 de noviembre de 2014 en la ciudad de Rocha, cumpliendo as\u00ed como lo marca en el cap\u00edtulo cinco art\u00edculo dieciocho de nuestro Estatuto; comunica e informa que en el d\u00eda de la fecha se hace efectivo la [&hellip;]<\/p>\n","protected":false},"author":1,"featured_media":93,"comment_status":"open","ping_status":"open","sticky":false,"template":"","format":"standard","meta":{"footnotes":""},"categories":[1],"tags":[],"class_list":["post-269","post","type-post","status-publish","format-standard","has-post-thumbnail","hentry","category-sin-categoria"],"_links":{"self":[{"href":"https:\/\/www.adeomrocha.com.uy\/index.php?rest_route=\/wp\/v2\/posts\/269","targetHints":{"allow":["GET"]}}],"collection":[{"href":"https:\/\/www.adeomrocha.com.uy\/index.php?rest_route=\/wp\/v2\/posts"}],"about":[{"href":"https:\/\/www.adeomrocha.com.uy\/index.php?rest_route=\/wp\/v2\/types\/post"}],"author":[{"embeddable":true,"href":"https:\/\/www.adeomrocha.com.uy\/index.php?rest_route=\/wp\/v2\/users\/1"}],"replies":[{"embeddable":true,"href":"https:\/\/www.adeomrocha.com.uy\/index.php?rest_route=%2Fwp%2Fv2%2Fcomments&post=269"}],"version-history":[{"count":4,"href":"https:\/\/www.adeomrocha.com.uy\/index.php?rest_route=\/wp\/v2\/posts\/269\/revisions"}],"predecessor-version":[{"id":273,"href":"https:\/\/www.adeomrocha.com.uy\/index.php?rest_route=\/wp\/v2\/posts\/269\/revisions\/273"}],"wp:featuredmedia":[{"embeddable":true,"href":"https:\/\/www.adeomrocha.com.uy\/index.php?rest_route=\/wp\/v2\/media\/93"}],"wp:attachment":[{"href":"https:\/\/www.adeomrocha.com.uy\/index.php?rest_route=%2Fwp%2Fv2%2Fmedia&parent=269"}],"wp:term":[{"taxonomy":"category","embeddable":true,"href":"https:\/\/www.adeomrocha.com.uy\/index.php?rest_route=%2Fwp%2Fv2%2Fcategories&post=269"},{"taxonomy":"post_tag","embeddable":true,"href":"https:\/\/www.adeomrocha.com.uy\/index.php?rest_route=%2Fwp%2Fv2%2Ftags&post=269"}],"curies":[{"name":"wp","href":"https:\/\/api.w.org\/{rel}","templated":true}]}}