{"id":2681,"date":"2024-08-16T00:58:13","date_gmt":"2024-08-16T00:58:13","guid":{"rendered":"https:\/\/www.adeomrocha.com.uy\/?p=2681"},"modified":"2024-08-16T00:58:13","modified_gmt":"2024-08-16T00:58:13","slug":"carrera-funcional-concursos-2024","status":"publish","type":"post","link":"https:\/\/www.adeomrocha.com.uy\/?p=2681","title":{"rendered":"CARRERA FUNCIONAL: CONCURSOS 2024"},"content":{"rendered":"\n<p>Compa\u00f1eros municipales, a partir de ma\u00f1ana viernes continuamos el proceso de inscripci\u00f3n para concursos de ascensos de funcionarios presupuestados en el interior del departamento y en cada localidad. Esta etapa permite que los trabajadores concursen y asciendan en la carrera funcional. Resaltando la capacidad, la trayectoria y el conocimiento de cada trabajador en su tarea. <\/p>\n\n\n\n<p>Les deseamos \u00e9xitos a cada trabajador y los alentamos a continuar luchando para que estos procesos no se detengan.<\/p>\n\n\n\n<figure class=\"wp-block-image size-large\"><a href=\"https:\/\/www.adeomrocha.com.uy\/wp-content\/uploads\/2024\/08\/agenda-dos-adeom2.jpg\"><img loading=\"lazy\" decoding=\"async\" width=\"909\" height=\"1024\" src=\"https:\/\/www.adeomrocha.com.uy\/wp-content\/uploads\/2024\/08\/agenda-dos-adeom2-909x1024.jpg\" alt=\"\" class=\"wp-image-2682\" srcset=\"https:\/\/www.adeomrocha.com.uy\/wp-content\/uploads\/2024\/08\/agenda-dos-adeom2-909x1024.jpg 909w, https:\/\/www.adeomrocha.com.uy\/wp-content\/uploads\/2024\/08\/agenda-dos-adeom2-266x300.jpg 266w, https:\/\/www.adeomrocha.com.uy\/wp-content\/uploads\/2024\/08\/agenda-dos-adeom2-768x865.jpg 768w, https:\/\/www.adeomrocha.com.uy\/wp-content\/uploads\/2024\/08\/agenda-dos-adeom2.jpg 1255w\" sizes=\"auto, (max-width: 909px) 100vw, 909px\" \/><\/a><\/figure>\n","protected":false},"excerpt":{"rendered":"<p>Compa\u00f1eros municipales, a partir de ma\u00f1ana viernes continuamos el proceso de inscripci\u00f3n para concursos de ascensos de funcionarios presupuestados en el interior del departamento y en cada localidad. Esta etapa permite que los trabajadores concursen y asciendan en la carrera funcional. Resaltando la capacidad, la trayectoria y el conocimiento de cada trabajador en su tarea. [&hellip;]<\/p>\n","protected":false},"author":1,"featured_media":2669,"comment_status":"open","ping_status":"open","sticky":false,"template":"","format":"standard","meta":{"footnotes":""},"categories":[1],"tags":[],"class_list":["post-2681","post","type-post","status-publish","format-standard","has-post-thumbnail","hentry","category-sin-categoria"],"_links":{"self":[{"href":"https:\/\/www.adeomrocha.com.uy\/index.php?rest_route=\/wp\/v2\/posts\/2681","targetHints":{"allow":["GET"]}}],"collection":[{"href":"https:\/\/www.adeomrocha.com.uy\/index.php?rest_route=\/wp\/v2\/posts"}],"about":[{"href":"https:\/\/www.adeomrocha.com.uy\/index.php?rest_route=\/wp\/v2\/types\/post"}],"author":[{"embeddable":true,"href":"https:\/\/www.adeomrocha.com.uy\/index.php?rest_route=\/wp\/v2\/users\/1"}],"replies":[{"embeddable":true,"href":"https:\/\/www.adeomrocha.com.uy\/index.php?rest_route=%2Fwp%2Fv2%2Fcomments&post=2681"}],"version-history":[{"count":1,"href":"https:\/\/www.adeomrocha.com.uy\/index.php?rest_route=\/wp\/v2\/posts\/2681\/revisions"}],"predecessor-version":[{"id":2683,"href":"https:\/\/www.adeomrocha.com.uy\/index.php?rest_route=\/wp\/v2\/posts\/2681\/revisions\/2683"}],"wp:featuredmedia":[{"embeddable":true,"href":"https:\/\/www.adeomrocha.com.uy\/index.php?rest_route=\/wp\/v2\/media\/2669"}],"wp:attachment":[{"href":"https:\/\/www.adeomrocha.com.uy\/index.php?rest_route=%2Fwp%2Fv2%2Fmedia&parent=2681"}],"wp:term":[{"taxonomy":"category","embeddable":true,"href":"https:\/\/www.adeomrocha.com.uy\/index.php?rest_route=%2Fwp%2Fv2%2Fcategories&post=2681"},{"taxonomy":"post_tag","embeddable":true,"href":"https:\/\/www.adeomrocha.com.uy\/index.php?rest_route=%2Fwp%2Fv2%2Ftags&post=2681"}],"curies":[{"name":"wp","href":"https:\/\/api.w.org\/{rel}","templated":true}]}}