{"id":2468,"date":"2023-12-19T14:30:59","date_gmt":"2023-12-19T14:30:59","guid":{"rendered":"https:\/\/www.adeomrocha.com.uy\/?p=2468"},"modified":"2023-12-19T14:30:59","modified_gmt":"2023-12-19T14:30:59","slug":"cumplimos","status":"publish","type":"post","link":"https:\/\/www.adeomrocha.com.uy\/?p=2468","title":{"rendered":"Cumplimos"},"content":{"rendered":"\n<p>En el marco de las actividades acompa\u00f1ando la inauguraci\u00f3n del vivero del Municipio de La Paloma, el pasado lunes 18 de diciembre -en horas de la tarde- ADEOM Rocha, descubri\u00f3 una placa en memoria de la compa\u00f1era, Mar\u00eda Romana. Agradecemos  a compa\u00f1eros y excompa\u00f1eros familiares, vecinos y autoridades que nos acompa\u00f1aron en dicho evento. <\/p>\n\n\n\n<figure class=\"wp-block-gallery has-nested-images columns-default is-cropped wp-block-gallery-1 is-layout-flex wp-block-gallery-is-layout-flex\">\n<figure class=\"wp-block-image\"><img loading=\"lazy\" decoding=\"async\" width=\"768\" height=\"768\" data-id=\"2469\" src=\"http:\/\/www.adeomrocha.com.uy\/wp-content\/uploads\/2023\/12\/adeom-maria-romana-1.jpg\" alt=\"\" class=\"wp-image-2469\" srcset=\"https:\/\/www.adeomrocha.com.uy\/wp-content\/uploads\/2023\/12\/adeom-maria-romana-1.jpg 768w, https:\/\/www.adeomrocha.com.uy\/wp-content\/uploads\/2023\/12\/adeom-maria-romana-1-300x300.jpg 300w, https:\/\/www.adeomrocha.com.uy\/wp-content\/uploads\/2023\/12\/adeom-maria-romana-1-150x150.jpg 150w\" sizes=\"auto, (max-width: 768px) 100vw, 768px\" \/><\/figure>\n\n\n\n<figure class=\"wp-block-image\"><img loading=\"lazy\" decoding=\"async\" width=\"2048\" height=\"1152\" data-id=\"2470\" src=\"http:\/\/www.adeomrocha.com.uy\/wp-content\/uploads\/2023\/12\/maria-romana-6.jpg\" alt=\"\" class=\"wp-image-2470\" srcset=\"https:\/\/www.adeomrocha.com.uy\/wp-content\/uploads\/2023\/12\/maria-romana-6.jpg 2048w, https:\/\/www.adeomrocha.com.uy\/wp-content\/uploads\/2023\/12\/maria-romana-6-300x169.jpg 300w, https:\/\/www.adeomrocha.com.uy\/wp-content\/uploads\/2023\/12\/maria-romana-6-1024x576.jpg 1024w, https:\/\/www.adeomrocha.com.uy\/wp-content\/uploads\/2023\/12\/maria-romana-6-768x432.jpg 768w, https:\/\/www.adeomrocha.com.uy\/wp-content\/uploads\/2023\/12\/maria-romana-6-1536x864.jpg 1536w\" sizes=\"auto, (max-width: 2048px) 100vw, 2048px\" \/><\/figure>\n\n\n\n<figure class=\"wp-block-image\"><img loading=\"lazy\" decoding=\"async\" width=\"2048\" height=\"1152\" data-id=\"2471\" src=\"http:\/\/www.adeomrocha.com.uy\/wp-content\/uploads\/2023\/12\/maria-romana-11.jpg\" alt=\"\" class=\"wp-image-2471\" srcset=\"https:\/\/www.adeomrocha.com.uy\/wp-content\/uploads\/2023\/12\/maria-romana-11.jpg 2048w, https:\/\/www.adeomrocha.com.uy\/wp-content\/uploads\/2023\/12\/maria-romana-11-300x169.jpg 300w, https:\/\/www.adeomrocha.com.uy\/wp-content\/uploads\/2023\/12\/maria-romana-11-1024x576.jpg 1024w, https:\/\/www.adeomrocha.com.uy\/wp-content\/uploads\/2023\/12\/maria-romana-11-768x432.jpg 768w, https:\/\/www.adeomrocha.com.uy\/wp-content\/uploads\/2023\/12\/maria-romana-11-1536x864.jpg 1536w\" sizes=\"auto, (max-width: 2048px) 100vw, 2048px\" \/><\/figure>\n\n\n\n<figure class=\"wp-block-image\"><img loading=\"lazy\" decoding=\"async\" width=\"768\" height=\"768\" data-id=\"2473\" src=\"http:\/\/www.adeomrocha.com.uy\/wp-content\/uploads\/2023\/12\/adeom-amria-roamna-3.jpg\" alt=\"\" class=\"wp-image-2473\" srcset=\"https:\/\/www.adeomrocha.com.uy\/wp-content\/uploads\/2023\/12\/adeom-amria-roamna-3.jpg 768w, https:\/\/www.adeomrocha.com.uy\/wp-content\/uploads\/2023\/12\/adeom-amria-roamna-3-300x300.jpg 300w, https:\/\/www.adeomrocha.com.uy\/wp-content\/uploads\/2023\/12\/adeom-amria-roamna-3-150x150.jpg 150w\" sizes=\"auto, (max-width: 768px) 100vw, 768px\" \/><\/figure>\n\n\n\n<figure class=\"wp-block-image\"><img loading=\"lazy\" decoding=\"async\" width=\"768\" height=\"768\" data-id=\"2474\" src=\"http:\/\/www.adeomrocha.com.uy\/wp-content\/uploads\/2023\/12\/adeom-maria-roamna-2.jpg\" alt=\"\" class=\"wp-image-2474\" srcset=\"https:\/\/www.adeomrocha.com.uy\/wp-content\/uploads\/2023\/12\/adeom-maria-roamna-2.jpg 768w, https:\/\/www.adeomrocha.com.uy\/wp-content\/uploads\/2023\/12\/adeom-maria-roamna-2-300x300.jpg 300w, https:\/\/www.adeomrocha.com.uy\/wp-content\/uploads\/2023\/12\/adeom-maria-roamna-2-150x150.jpg 150w\" sizes=\"auto, (max-width: 768px) 100vw, 768px\" \/><\/figure>\n\n\n\n<figure class=\"wp-block-image\"><img loading=\"lazy\" decoding=\"async\" width=\"1599\" height=\"899\" data-id=\"2465\" src=\"http:\/\/www.adeomrocha.com.uy\/wp-content\/uploads\/2023\/12\/PLACA.jpeg\" alt=\"\" class=\"wp-image-2465\" srcset=\"https:\/\/www.adeomrocha.com.uy\/wp-content\/uploads\/2023\/12\/PLACA.jpeg 1599w, https:\/\/www.adeomrocha.com.uy\/wp-content\/uploads\/2023\/12\/PLACA-300x169.jpeg 300w, https:\/\/www.adeomrocha.com.uy\/wp-content\/uploads\/2023\/12\/PLACA-1024x576.jpeg 1024w, https:\/\/www.adeomrocha.com.uy\/wp-content\/uploads\/2023\/12\/PLACA-768x432.jpeg 768w, https:\/\/www.adeomrocha.com.uy\/wp-content\/uploads\/2023\/12\/PLACA-1536x864.jpeg 1536w\" sizes=\"auto, (max-width: 1599px) 100vw, 1599px\" \/><\/figure>\n<\/figure>\n","protected":false},"excerpt":{"rendered":"<p>En el marco de las actividades acompa\u00f1ando la inauguraci\u00f3n del vivero del Municipio de La Paloma, el pasado lunes 18 de diciembre -en horas de la tarde- ADEOM Rocha, descubri\u00f3 una placa en memoria de la compa\u00f1era, Mar\u00eda Romana. Agradecemos a compa\u00f1eros y excompa\u00f1eros familiares, vecinos y autoridades que nos acompa\u00f1aron en dicho evento.<\/p>\n","protected":false},"author":1,"featured_media":2472,"comment_status":"open","ping_status":"open","sticky":true,"template":"","format":"standard","meta":{"footnotes":""},"categories":[2],"tags":[],"class_list":["post-2468","post","type-post","status-publish","format-standard","has-post-thumbnail","hentry","category-informacion-general"],"_links":{"self":[{"href":"https:\/\/www.adeomrocha.com.uy\/index.php?rest_route=\/wp\/v2\/posts\/2468","targetHints":{"allow":["GET"]}}],"collection":[{"href":"https:\/\/www.adeomrocha.com.uy\/index.php?rest_route=\/wp\/v2\/posts"}],"about":[{"href":"https:\/\/www.adeomrocha.com.uy\/index.php?rest_route=\/wp\/v2\/types\/post"}],"author":[{"embeddable":true,"href":"https:\/\/www.adeomrocha.com.uy\/index.php?rest_route=\/wp\/v2\/users\/1"}],"replies":[{"embeddable":true,"href":"https:\/\/www.adeomrocha.com.uy\/index.php?rest_route=%2Fwp%2Fv2%2Fcomments&post=2468"}],"version-history":[{"count":1,"href":"https:\/\/www.adeomrocha.com.uy\/index.php?rest_route=\/wp\/v2\/posts\/2468\/revisions"}],"predecessor-version":[{"id":2475,"href":"https:\/\/www.adeomrocha.com.uy\/index.php?rest_route=\/wp\/v2\/posts\/2468\/revisions\/2475"}],"wp:featuredmedia":[{"embeddable":true,"href":"https:\/\/www.adeomrocha.com.uy\/index.php?rest_route=\/wp\/v2\/media\/2472"}],"wp:attachment":[{"href":"https:\/\/www.adeomrocha.com.uy\/index.php?rest_route=%2Fwp%2Fv2%2Fmedia&parent=2468"}],"wp:term":[{"taxonomy":"category","embeddable":true,"href":"https:\/\/www.adeomrocha.com.uy\/index.php?rest_route=%2Fwp%2Fv2%2Fcategories&post=2468"},{"taxonomy":"post_tag","embeddable":true,"href":"https:\/\/www.adeomrocha.com.uy\/index.php?rest_route=%2Fwp%2Fv2%2Ftags&post=2468"}],"curies":[{"name":"wp","href":"https:\/\/api.w.org\/{rel}","templated":true}]}}