{"id":2396,"date":"2023-10-05T18:41:19","date_gmt":"2023-10-05T18:41:19","guid":{"rendered":"https:\/\/www.adeomrocha.com.uy\/?p=2396"},"modified":"2023-10-05T18:41:19","modified_gmt":"2023-10-05T18:41:19","slug":"hay-avances-rumbo-a-la-carrera-funcional","status":"publish","type":"post","link":"https:\/\/www.adeomrocha.com.uy\/?p=2396","title":{"rendered":"HAY AVANCES RUMBO A LA CARRERA FUNCIONAL"},"content":{"rendered":"\n<p>Desde la Asociaci\u00f3n de Empleados y Obreros Municipales de Rocha ponemos en conocimiento de los trabajadores,del avance de los temas sobre Tribunales Calificadores de cara a la Carrera Funcional. <\/p>\n\n\n\n<p>En la jornada de este jueves 5 de octubre se llev\u00f3 adelante un encuentro en nuestra sede, entre representantes del Ejecutivo y Trabajadores,   unific\u00e1ndose criterios, y se sigue teniendo como fecha de terminaci\u00f3n para la entrega de evaluaciones el pr\u00f3ximo 13 de octubre. <\/p>\n\n\n\n<p>En esta oportunidad se analizaron puntos del reglamento del concurso como as\u00ed tambi\u00e9n la legalidad de los mismos por parte del Dr. Juan Castillos.<\/p>\n\n\n\n<p>Informamos a los trabajadores, que dicho reglamento da garant\u00eda a los concursantes. Se continuar\u00e1 con este r\u00e9gimen de reuniones semanales hasta que se efectivice el concurso y llenado de cargos.   <\/p>\n\n\n\n<figure class=\"wp-block-image size-large\"><a href=\"https:\/\/www.adeomrocha.com.uy\/wp-content\/uploads\/2023\/10\/2.jpg\"><img loading=\"lazy\" decoding=\"async\" width=\"1024\" height=\"576\" src=\"https:\/\/www.adeomrocha.com.uy\/wp-content\/uploads\/2023\/10\/2-1024x576.jpg\" alt=\"\" class=\"wp-image-2399\" srcset=\"https:\/\/www.adeomrocha.com.uy\/wp-content\/uploads\/2023\/10\/2-1024x576.jpg 1024w, https:\/\/www.adeomrocha.com.uy\/wp-content\/uploads\/2023\/10\/2-300x169.jpg 300w, https:\/\/www.adeomrocha.com.uy\/wp-content\/uploads\/2023\/10\/2-768x432.jpg 768w, https:\/\/www.adeomrocha.com.uy\/wp-content\/uploads\/2023\/10\/2-1536x864.jpg 1536w, https:\/\/www.adeomrocha.com.uy\/wp-content\/uploads\/2023\/10\/2.jpg 1600w\" sizes=\"auto, (max-width: 1024px) 100vw, 1024px\" \/><\/a><\/figure>\n\n\n\n<figure class=\"wp-block-image size-large\"><a href=\"https:\/\/www.adeomrocha.com.uy\/wp-content\/uploads\/2023\/10\/4.jpg\"><img loading=\"lazy\" decoding=\"async\" width=\"1024\" height=\"576\" src=\"https:\/\/www.adeomrocha.com.uy\/wp-content\/uploads\/2023\/10\/4-1024x576.jpg\" alt=\"\" class=\"wp-image-2400\" srcset=\"https:\/\/www.adeomrocha.com.uy\/wp-content\/uploads\/2023\/10\/4-1024x576.jpg 1024w, https:\/\/www.adeomrocha.com.uy\/wp-content\/uploads\/2023\/10\/4-300x169.jpg 300w, https:\/\/www.adeomrocha.com.uy\/wp-content\/uploads\/2023\/10\/4-768x432.jpg 768w, https:\/\/www.adeomrocha.com.uy\/wp-content\/uploads\/2023\/10\/4-1536x864.jpg 1536w, https:\/\/www.adeomrocha.com.uy\/wp-content\/uploads\/2023\/10\/4.jpg 1600w\" sizes=\"auto, (max-width: 1024px) 100vw, 1024px\" \/><\/a><\/figure>\n\n\n\n<figure class=\"wp-block-image size-large\"><a href=\"https:\/\/www.adeomrocha.com.uy\/wp-content\/uploads\/2023\/10\/b41d581f-c49c-45fd-b9c3-dedc9f03c818.jpg\"><img loading=\"lazy\" decoding=\"async\" width=\"1024\" height=\"576\" src=\"https:\/\/www.adeomrocha.com.uy\/wp-content\/uploads\/2023\/10\/b41d581f-c49c-45fd-b9c3-dedc9f03c818-1024x576.jpg\" alt=\"\" class=\"wp-image-2401\" srcset=\"https:\/\/www.adeomrocha.com.uy\/wp-content\/uploads\/2023\/10\/b41d581f-c49c-45fd-b9c3-dedc9f03c818-1024x576.jpg 1024w, https:\/\/www.adeomrocha.com.uy\/wp-content\/uploads\/2023\/10\/b41d581f-c49c-45fd-b9c3-dedc9f03c818-300x169.jpg 300w, https:\/\/www.adeomrocha.com.uy\/wp-content\/uploads\/2023\/10\/b41d581f-c49c-45fd-b9c3-dedc9f03c818-768x432.jpg 768w, https:\/\/www.adeomrocha.com.uy\/wp-content\/uploads\/2023\/10\/b41d581f-c49c-45fd-b9c3-dedc9f03c818-1536x864.jpg 1536w, https:\/\/www.adeomrocha.com.uy\/wp-content\/uploads\/2023\/10\/b41d581f-c49c-45fd-b9c3-dedc9f03c818.jpg 1600w\" sizes=\"auto, (max-width: 1024px) 100vw, 1024px\" \/><\/a><\/figure>\n\n\n\n<figure class=\"wp-block-image size-large\"><a href=\"https:\/\/www.adeomrocha.com.uy\/wp-content\/uploads\/2023\/10\/78c48bd4-5ce7-4b61-9e11-be2fee297616-1.jpg\"><img loading=\"lazy\" decoding=\"async\" width=\"735\" height=\"1024\" src=\"https:\/\/www.adeomrocha.com.uy\/wp-content\/uploads\/2023\/10\/78c48bd4-5ce7-4b61-9e11-be2fee297616-1-735x1024.jpg\" alt=\"\" class=\"wp-image-2402\" srcset=\"https:\/\/www.adeomrocha.com.uy\/wp-content\/uploads\/2023\/10\/78c48bd4-5ce7-4b61-9e11-be2fee297616-1-735x1024.jpg 735w, https:\/\/www.adeomrocha.com.uy\/wp-content\/uploads\/2023\/10\/78c48bd4-5ce7-4b61-9e11-be2fee297616-1-215x300.jpg 215w, https:\/\/www.adeomrocha.com.uy\/wp-content\/uploads\/2023\/10\/78c48bd4-5ce7-4b61-9e11-be2fee297616-1-768x1069.jpg 768w, https:\/\/www.adeomrocha.com.uy\/wp-content\/uploads\/2023\/10\/78c48bd4-5ce7-4b61-9e11-be2fee297616-1-1103x1536.jpg 1103w, https:\/\/www.adeomrocha.com.uy\/wp-content\/uploads\/2023\/10\/78c48bd4-5ce7-4b61-9e11-be2fee297616-1.jpg 1149w\" sizes=\"auto, (max-width: 735px) 100vw, 735px\" \/><\/a><\/figure>\n","protected":false},"excerpt":{"rendered":"<p>Desde la Asociaci\u00f3n de Empleados y Obreros Municipales de Rocha ponemos en conocimiento de los trabajadores,del avance de los temas sobre Tribunales Calificadores de cara a la Carrera Funcional. En la jornada de este jueves 5 de octubre se llev\u00f3 adelante un encuentro en nuestra sede, entre representantes del Ejecutivo y Trabajadores, unific\u00e1ndose criterios, y [&hellip;]<\/p>\n","protected":false},"author":1,"featured_media":2398,"comment_status":"open","ping_status":"open","sticky":true,"template":"","format":"standard","meta":{"footnotes":""},"categories":[2],"tags":[],"class_list":["post-2396","post","type-post","status-publish","format-standard","has-post-thumbnail","hentry","category-informacion-general"],"_links":{"self":[{"href":"https:\/\/www.adeomrocha.com.uy\/index.php?rest_route=\/wp\/v2\/posts\/2396","targetHints":{"allow":["GET"]}}],"collection":[{"href":"https:\/\/www.adeomrocha.com.uy\/index.php?rest_route=\/wp\/v2\/posts"}],"about":[{"href":"https:\/\/www.adeomrocha.com.uy\/index.php?rest_route=\/wp\/v2\/types\/post"}],"author":[{"embeddable":true,"href":"https:\/\/www.adeomrocha.com.uy\/index.php?rest_route=\/wp\/v2\/users\/1"}],"replies":[{"embeddable":true,"href":"https:\/\/www.adeomrocha.com.uy\/index.php?rest_route=%2Fwp%2Fv2%2Fcomments&post=2396"}],"version-history":[{"count":1,"href":"https:\/\/www.adeomrocha.com.uy\/index.php?rest_route=\/wp\/v2\/posts\/2396\/revisions"}],"predecessor-version":[{"id":2403,"href":"https:\/\/www.adeomrocha.com.uy\/index.php?rest_route=\/wp\/v2\/posts\/2396\/revisions\/2403"}],"wp:featuredmedia":[{"embeddable":true,"href":"https:\/\/www.adeomrocha.com.uy\/index.php?rest_route=\/wp\/v2\/media\/2398"}],"wp:attachment":[{"href":"https:\/\/www.adeomrocha.com.uy\/index.php?rest_route=%2Fwp%2Fv2%2Fmedia&parent=2396"}],"wp:term":[{"taxonomy":"category","embeddable":true,"href":"https:\/\/www.adeomrocha.com.uy\/index.php?rest_route=%2Fwp%2Fv2%2Fcategories&post=2396"},{"taxonomy":"post_tag","embeddable":true,"href":"https:\/\/www.adeomrocha.com.uy\/index.php?rest_route=%2Fwp%2Fv2%2Ftags&post=2396"}],"curies":[{"name":"wp","href":"https:\/\/api.w.org\/{rel}","templated":true}]}}