{"id":226,"date":"2014-04-09T14:11:39","date_gmt":"2014-04-09T14:11:39","guid":{"rendered":"http:\/\/www.adeomrocha.com.uy\/?p=226"},"modified":"2014-04-09T14:12:43","modified_gmt":"2014-04-09T14:12:43","slug":"asamble-general-en-el-rocha-athletic-club","status":"publish","type":"post","link":"https:\/\/www.adeomrocha.com.uy\/?p=226","title":{"rendered":"Asamblea General en el Rocha Athletic Club"},"content":{"rendered":"<p>ASAMBLEA GENERAL EN CARACTER DE GRAVE Y URGENTE, \u00fanico punto del d\u00eda CARRERA FUNCIONAL. Por una presupuestaci\u00f3n sin excluidos, \u00a0lucha por tus derechos.<\/p>\n<p>Agradecemos a los compa\u00f1eros por la participaci\u00f3n en la discusi\u00f3n de los temas de los trabajadores, nuestra meta es que el presupuesto se llene en su totalidad, cuantos menos lugares vac\u00edos queden en los ascensos, ser\u00e1n m\u00e1s las vacantes para los nuevos ingresos&#8230;&#8230; gracias a todos por la participaci\u00f3n demostrando conciencia de clase.<br \/> Sin luchas no hay conquistas&#8230;&#8230;..<\/p>\n<p><a href=\"http:\/\/www.adeomrocha.com.uy\/wp-content\/uploads\/2014\/04\/1.jpg\"><img loading=\"lazy\" decoding=\"async\" class=\"size-medium wp-image-227 aligncenter\" alt=\"1\" src=\"http:\/\/www.adeomrocha.com.uy\/wp-content\/uploads\/2014\/04\/1-300x225.jpg\" width=\"300\" height=\"225\" srcset=\"https:\/\/www.adeomrocha.com.uy\/wp-content\/uploads\/2014\/04\/1-300x225.jpg 300w, https:\/\/www.adeomrocha.com.uy\/wp-content\/uploads\/2014\/04\/1-210x157.jpg 210w, https:\/\/www.adeomrocha.com.uy\/wp-content\/uploads\/2014\/04\/1.jpg 960w\" sizes=\"auto, (max-width: 300px) 100vw, 300px\" \/><\/a><\/p>\n<p><a href=\"http:\/\/www.adeomrocha.com.uy\/wp-content\/uploads\/2014\/04\/1456038_628522803894042_6891302322817538859_n.jpg\"><img loading=\"lazy\" decoding=\"async\" class=\"size-medium wp-image-228 aligncenter\" alt=\"1456038_628522803894042_6891302322817538859_n\" src=\"http:\/\/www.adeomrocha.com.uy\/wp-content\/uploads\/2014\/04\/1456038_628522803894042_6891302322817538859_n-300x225.jpg\" width=\"300\" height=\"225\" srcset=\"https:\/\/www.adeomrocha.com.uy\/wp-content\/uploads\/2014\/04\/1456038_628522803894042_6891302322817538859_n-300x225.jpg 300w, https:\/\/www.adeomrocha.com.uy\/wp-content\/uploads\/2014\/04\/1456038_628522803894042_6891302322817538859_n-210x157.jpg 210w, https:\/\/www.adeomrocha.com.uy\/wp-content\/uploads\/2014\/04\/1456038_628522803894042_6891302322817538859_n.jpg 960w\" sizes=\"auto, (max-width: 300px) 100vw, 300px\" \/><\/a><\/p>\n<p><a href=\"http:\/\/www.adeomrocha.com.uy\/wp-content\/uploads\/2014\/04\/1474366_628522517227404_8839721877501695719_n.jpg\"><img loading=\"lazy\" decoding=\"async\" class=\"size-medium wp-image-229 aligncenter\" alt=\"1474366_628522517227404_8839721877501695719_n\" src=\"http:\/\/www.adeomrocha.com.uy\/wp-content\/uploads\/2014\/04\/1474366_628522517227404_8839721877501695719_n-300x225.jpg\" width=\"300\" height=\"225\" srcset=\"https:\/\/www.adeomrocha.com.uy\/wp-content\/uploads\/2014\/04\/1474366_628522517227404_8839721877501695719_n-300x225.jpg 300w, https:\/\/www.adeomrocha.com.uy\/wp-content\/uploads\/2014\/04\/1474366_628522517227404_8839721877501695719_n-210x157.jpg 210w, https:\/\/www.adeomrocha.com.uy\/wp-content\/uploads\/2014\/04\/1474366_628522517227404_8839721877501695719_n.jpg 960w\" sizes=\"auto, (max-width: 300px) 100vw, 300px\" \/><\/a> <a href=\"http:\/\/www.adeomrocha.com.uy\/wp-content\/uploads\/2014\/04\/1622035_628522527227403_4637321658843891266_n.jpg\"><img loading=\"lazy\" decoding=\"async\" class=\"size-medium wp-image-230 aligncenter\" alt=\"1622035_628522527227403_4637321658843891266_n\" src=\"http:\/\/www.adeomrocha.com.uy\/wp-content\/uploads\/2014\/04\/1622035_628522527227403_4637321658843891266_n-300x225.jpg\" width=\"300\" height=\"225\" srcset=\"https:\/\/www.adeomrocha.com.uy\/wp-content\/uploads\/2014\/04\/1622035_628522527227403_4637321658843891266_n-300x225.jpg 300w, https:\/\/www.adeomrocha.com.uy\/wp-content\/uploads\/2014\/04\/1622035_628522527227403_4637321658843891266_n-210x157.jpg 210w, https:\/\/www.adeomrocha.com.uy\/wp-content\/uploads\/2014\/04\/1622035_628522527227403_4637321658843891266_n.jpg 960w\" sizes=\"auto, (max-width: 300px) 100vw, 300px\" \/><\/a><\/p>\n<p><a href=\"http:\/\/www.adeomrocha.com.uy\/wp-content\/uploads\/2014\/04\/10013929_628522520560737_8194548576374385802_n.jpg\"><img loading=\"lazy\" decoding=\"async\" class=\"size-medium wp-image-231 aligncenter\" alt=\"10013929_628522520560737_8194548576374385802_n\" src=\"http:\/\/www.adeomrocha.com.uy\/wp-content\/uploads\/2014\/04\/10013929_628522520560737_8194548576374385802_n-300x225.jpg\" width=\"300\" height=\"225\" srcset=\"https:\/\/www.adeomrocha.com.uy\/wp-content\/uploads\/2014\/04\/10013929_628522520560737_8194548576374385802_n-300x225.jpg 300w, https:\/\/www.adeomrocha.com.uy\/wp-content\/uploads\/2014\/04\/10013929_628522520560737_8194548576374385802_n-210x157.jpg 210w, https:\/\/www.adeomrocha.com.uy\/wp-content\/uploads\/2014\/04\/10013929_628522520560737_8194548576374385802_n.jpg 960w\" sizes=\"auto, (max-width: 300px) 100vw, 300px\" \/><\/a><\/p>\n<p>&nbsp;<\/p>\n<p>&nbsp;<\/p>\n<p>&nbsp;<\/p>\n","protected":false},"excerpt":{"rendered":"<p>ASAMBLEA GENERAL EN CARACTER DE GRAVE Y URGENTE, \u00fanico punto del d\u00eda CARRERA FUNCIONAL. Por una presupuestaci\u00f3n sin excluidos, \u00a0lucha por tus derechos. Agradecemos a los compa\u00f1eros por la participaci\u00f3n en la discusi\u00f3n de los temas de los trabajadores, nuestra meta es que el presupuesto se llene en su totalidad, cuantos menos lugares vac\u00edos queden [&hellip;]<\/p>\n","protected":false},"author":1,"featured_media":232,"comment_status":"open","ping_status":"open","sticky":false,"template":"","format":"standard","meta":{"footnotes":""},"categories":[1],"tags":[],"class_list":["post-226","post","type-post","status-publish","format-standard","has-post-thumbnail","hentry","category-sin-categoria"],"_links":{"self":[{"href":"https:\/\/www.adeomrocha.com.uy\/index.php?rest_route=\/wp\/v2\/posts\/226","targetHints":{"allow":["GET"]}}],"collection":[{"href":"https:\/\/www.adeomrocha.com.uy\/index.php?rest_route=\/wp\/v2\/posts"}],"about":[{"href":"https:\/\/www.adeomrocha.com.uy\/index.php?rest_route=\/wp\/v2\/types\/post"}],"author":[{"embeddable":true,"href":"https:\/\/www.adeomrocha.com.uy\/index.php?rest_route=\/wp\/v2\/users\/1"}],"replies":[{"embeddable":true,"href":"https:\/\/www.adeomrocha.com.uy\/index.php?rest_route=%2Fwp%2Fv2%2Fcomments&post=226"}],"version-history":[{"count":4,"href":"https:\/\/www.adeomrocha.com.uy\/index.php?rest_route=\/wp\/v2\/posts\/226\/revisions"}],"predecessor-version":[{"id":236,"href":"https:\/\/www.adeomrocha.com.uy\/index.php?rest_route=\/wp\/v2\/posts\/226\/revisions\/236"}],"wp:featuredmedia":[{"embeddable":true,"href":"https:\/\/www.adeomrocha.com.uy\/index.php?rest_route=\/wp\/v2\/media\/232"}],"wp:attachment":[{"href":"https:\/\/www.adeomrocha.com.uy\/index.php?rest_route=%2Fwp%2Fv2%2Fmedia&parent=226"}],"wp:term":[{"taxonomy":"category","embeddable":true,"href":"https:\/\/www.adeomrocha.com.uy\/index.php?rest_route=%2Fwp%2Fv2%2Fcategories&post=226"},{"taxonomy":"post_tag","embeddable":true,"href":"https:\/\/www.adeomrocha.com.uy\/index.php?rest_route=%2Fwp%2Fv2%2Ftags&post=226"}],"curies":[{"name":"wp","href":"https:\/\/api.w.org\/{rel}","templated":true}]}}