{"id":210,"date":"2014-02-25T00:47:22","date_gmt":"2014-02-25T00:47:22","guid":{"rendered":"http:\/\/www.adeomrocha.com.uy\/?p=210"},"modified":"2014-02-25T00:47:22","modified_gmt":"2014-02-25T00:47:22","slug":"estuvimos-en-velazquez-y-lascano","status":"publish","type":"post","link":"https:\/\/www.adeomrocha.com.uy\/?p=210","title":{"rendered":"Estuvimos en Velazquez y Lascano"},"content":{"rendered":"<p>En el marco de las asambleas programadas por ADEOM Rocha, estuvimos con los compa\u00f1eros de Vel\u00e1zquez y del Municipio de Lascano, informado sobre la pr\u00f3xima presupuestaci\u00f3n y asensos de funcionarios. Se recoge una vez m\u00e1s el malestar de los trabajadores con la administraci\u00f3n, por dejar postergados a los trabajadores del interior, ya que existen muy pocas vacantes en la localidad y las bases del concurso no son contemplativas con la amplia mayor\u00eda de los trabajadores. Se continuar\u00e1n las asambleas en el resto del departamento, informaremos.<\/p>\n<div id='gallery-1' class='gallery galleryid-210 gallery-columns-2 gallery-size-thumbnail'><figure class='gallery-item'>\n\t\t\t<div class='gallery-icon landscape'>\n\t\t\t\t<a href='https:\/\/www.adeomrocha.com.uy\/?attachment_id=211'><img loading=\"lazy\" decoding=\"async\" width=\"150\" height=\"150\" src=\"https:\/\/www.adeomrocha.com.uy\/wp-content\/uploads\/2014\/02\/1546220_604796272933362_1625715889_n-150x150.jpg\" class=\"attachment-thumbnail size-thumbnail\" alt=\"\" srcset=\"https:\/\/www.adeomrocha.com.uy\/wp-content\/uploads\/2014\/02\/1546220_604796272933362_1625715889_n-150x150.jpg 150w, https:\/\/www.adeomrocha.com.uy\/wp-content\/uploads\/2014\/02\/1546220_604796272933362_1625715889_n-210x210.jpg 210w\" sizes=\"auto, (max-width: 150px) 100vw, 150px\" \/><\/a>\n\t\t\t<\/div><\/figure><figure class='gallery-item'>\n\t\t\t<div class='gallery-icon landscape'>\n\t\t\t\t<a href='https:\/\/www.adeomrocha.com.uy\/?attachment_id=212'><img loading=\"lazy\" decoding=\"async\" width=\"150\" height=\"150\" src=\"https:\/\/www.adeomrocha.com.uy\/wp-content\/uploads\/2014\/02\/1891179_604796049600051_2043673208_n-150x150.jpg\" class=\"attachment-thumbnail size-thumbnail\" alt=\"\" srcset=\"https:\/\/www.adeomrocha.com.uy\/wp-content\/uploads\/2014\/02\/1891179_604796049600051_2043673208_n-150x150.jpg 150w, https:\/\/www.adeomrocha.com.uy\/wp-content\/uploads\/2014\/02\/1891179_604796049600051_2043673208_n-210x210.jpg 210w\" sizes=\"auto, (max-width: 150px) 100vw, 150px\" \/><\/a>\n\t\t\t<\/div><\/figure><figure class='gallery-item'>\n\t\t\t<div class='gallery-icon landscape'>\n\t\t\t\t<a href='https:\/\/www.adeomrocha.com.uy\/?attachment_id=213'><img loading=\"lazy\" decoding=\"async\" width=\"150\" height=\"150\" src=\"https:\/\/www.adeomrocha.com.uy\/wp-content\/uploads\/2014\/02\/1907576_604796156266707_1411958434_n-150x150.jpg\" class=\"attachment-thumbnail size-thumbnail\" alt=\"\" srcset=\"https:\/\/www.adeomrocha.com.uy\/wp-content\/uploads\/2014\/02\/1907576_604796156266707_1411958434_n-150x150.jpg 150w, https:\/\/www.adeomrocha.com.uy\/wp-content\/uploads\/2014\/02\/1907576_604796156266707_1411958434_n-210x210.jpg 210w\" sizes=\"auto, (max-width: 150px) 100vw, 150px\" \/><\/a>\n\t\t\t<\/div><\/figure><figure class='gallery-item'>\n\t\t\t<div class='gallery-icon landscape'>\n\t\t\t\t<a href='https:\/\/www.adeomrocha.com.uy\/?attachment_id=214'><img loading=\"lazy\" decoding=\"async\" width=\"150\" height=\"150\" src=\"https:\/\/www.adeomrocha.com.uy\/wp-content\/uploads\/2014\/02\/1920604_604796356266687_1490680541_n-150x150.jpg\" class=\"attachment-thumbnail size-thumbnail\" alt=\"\" srcset=\"https:\/\/www.adeomrocha.com.uy\/wp-content\/uploads\/2014\/02\/1920604_604796356266687_1490680541_n-150x150.jpg 150w, https:\/\/www.adeomrocha.com.uy\/wp-content\/uploads\/2014\/02\/1920604_604796356266687_1490680541_n-210x210.jpg 210w\" sizes=\"auto, (max-width: 150px) 100vw, 150px\" \/><\/a>\n\t\t\t<\/div><\/figure>\n\t\t<\/div>\n\n","protected":false},"excerpt":{"rendered":"<p>En el marco de las asambleas programadas por ADEOM Rocha, estuvimos con los compa\u00f1eros de Vel\u00e1zquez y del Municipio de Lascano, informado sobre la pr\u00f3xima presupuestaci\u00f3n y asensos de funcionarios. Se recoge una vez m\u00e1s el malestar de los trabajadores con la administraci\u00f3n, por dejar postergados a los trabajadores del interior, ya que existen muy [&hellip;]<\/p>\n","protected":false},"author":1,"featured_media":213,"comment_status":"open","ping_status":"open","sticky":false,"template":"","format":"standard","meta":{"footnotes":""},"categories":[1],"tags":[],"class_list":["post-210","post","type-post","status-publish","format-standard","has-post-thumbnail","hentry","category-sin-categoria"],"_links":{"self":[{"href":"https:\/\/www.adeomrocha.com.uy\/index.php?rest_route=\/wp\/v2\/posts\/210","targetHints":{"allow":["GET"]}}],"collection":[{"href":"https:\/\/www.adeomrocha.com.uy\/index.php?rest_route=\/wp\/v2\/posts"}],"about":[{"href":"https:\/\/www.adeomrocha.com.uy\/index.php?rest_route=\/wp\/v2\/types\/post"}],"author":[{"embeddable":true,"href":"https:\/\/www.adeomrocha.com.uy\/index.php?rest_route=\/wp\/v2\/users\/1"}],"replies":[{"embeddable":true,"href":"https:\/\/www.adeomrocha.com.uy\/index.php?rest_route=%2Fwp%2Fv2%2Fcomments&post=210"}],"version-history":[{"count":1,"href":"https:\/\/www.adeomrocha.com.uy\/index.php?rest_route=\/wp\/v2\/posts\/210\/revisions"}],"predecessor-version":[{"id":215,"href":"https:\/\/www.adeomrocha.com.uy\/index.php?rest_route=\/wp\/v2\/posts\/210\/revisions\/215"}],"wp:featuredmedia":[{"embeddable":true,"href":"https:\/\/www.adeomrocha.com.uy\/index.php?rest_route=\/wp\/v2\/media\/213"}],"wp:attachment":[{"href":"https:\/\/www.adeomrocha.com.uy\/index.php?rest_route=%2Fwp%2Fv2%2Fmedia&parent=210"}],"wp:term":[{"taxonomy":"category","embeddable":true,"href":"https:\/\/www.adeomrocha.com.uy\/index.php?rest_route=%2Fwp%2Fv2%2Fcategories&post=210"},{"taxonomy":"post_tag","embeddable":true,"href":"https:\/\/www.adeomrocha.com.uy\/index.php?rest_route=%2Fwp%2Fv2%2Ftags&post=210"}],"curies":[{"name":"wp","href":"https:\/\/api.w.org\/{rel}","templated":true}]}}