{"id":1732,"date":"2021-11-17T22:49:48","date_gmt":"2021-11-17T22:49:48","guid":{"rendered":"http:\/\/www.adeomrocha.com.uy\/?p=1732"},"modified":"2021-11-17T22:49:48","modified_gmt":"2021-11-17T22:49:48","slug":"este-jueves-asamblea-informativa","status":"publish","type":"post","link":"https:\/\/www.adeomrocha.com.uy\/?p=1732","title":{"rendered":"ESTE JUEVES ASAMBLEA INFORMATIVA"},"content":{"rendered":"\n<p>La Asociaci\u00f3n de Empleados y Obreros Municipales de Rocha (ADEOM) resolvi\u00f3 en la tarde de este mi\u00e9rcoles realizar asambleas informativas en relaci\u00f3n a las tercerizaciones en Gesti\u00f3n Ambiental y en reclamo de mayor protecci\u00f3n a los funcionarios municipales. <\/p>\n\n\n\n<p>En reuni\u00f3n de directiva se aprob\u00f3 la realizaci\u00f3n de dos asambleas informativas, simult\u00e1neas, en los obradores de Gesti\u00f3n Ambiental de Rocha y La Paloma a las 5 de la ma\u00f1ana . La idea es volcar informaci\u00f3n entregada desde el Ejecutivo al Sindicato , con los delegados de los obradores para tomar posici\u00f3n sobre lo planteado por el Ejecutivo.<\/p>\n","protected":false},"excerpt":{"rendered":"<p>La Asociaci\u00f3n de Empleados y Obreros Municipales de Rocha (ADEOM) resolvi\u00f3 en la tarde de este mi\u00e9rcoles realizar asambleas informativas en relaci\u00f3n a las tercerizaciones en Gesti\u00f3n Ambiental y en reclamo de mayor protecci\u00f3n a los funcionarios municipales. En reuni\u00f3n de directiva se aprob\u00f3 la realizaci\u00f3n de dos asambleas informativas, simult\u00e1neas, en los obradores de [&hellip;]<\/p>\n","protected":false},"author":1,"featured_media":1733,"comment_status":"open","ping_status":"open","sticky":false,"template":"","format":"standard","meta":{"footnotes":""},"categories":[2],"tags":[],"class_list":["post-1732","post","type-post","status-publish","format-standard","has-post-thumbnail","hentry","category-informacion-general"],"_links":{"self":[{"href":"https:\/\/www.adeomrocha.com.uy\/index.php?rest_route=\/wp\/v2\/posts\/1732","targetHints":{"allow":["GET"]}}],"collection":[{"href":"https:\/\/www.adeomrocha.com.uy\/index.php?rest_route=\/wp\/v2\/posts"}],"about":[{"href":"https:\/\/www.adeomrocha.com.uy\/index.php?rest_route=\/wp\/v2\/types\/post"}],"author":[{"embeddable":true,"href":"https:\/\/www.adeomrocha.com.uy\/index.php?rest_route=\/wp\/v2\/users\/1"}],"replies":[{"embeddable":true,"href":"https:\/\/www.adeomrocha.com.uy\/index.php?rest_route=%2Fwp%2Fv2%2Fcomments&post=1732"}],"version-history":[{"count":1,"href":"https:\/\/www.adeomrocha.com.uy\/index.php?rest_route=\/wp\/v2\/posts\/1732\/revisions"}],"predecessor-version":[{"id":1734,"href":"https:\/\/www.adeomrocha.com.uy\/index.php?rest_route=\/wp\/v2\/posts\/1732\/revisions\/1734"}],"wp:featuredmedia":[{"embeddable":true,"href":"https:\/\/www.adeomrocha.com.uy\/index.php?rest_route=\/wp\/v2\/media\/1733"}],"wp:attachment":[{"href":"https:\/\/www.adeomrocha.com.uy\/index.php?rest_route=%2Fwp%2Fv2%2Fmedia&parent=1732"}],"wp:term":[{"taxonomy":"category","embeddable":true,"href":"https:\/\/www.adeomrocha.com.uy\/index.php?rest_route=%2Fwp%2Fv2%2Fcategories&post=1732"},{"taxonomy":"post_tag","embeddable":true,"href":"https:\/\/www.adeomrocha.com.uy\/index.php?rest_route=%2Fwp%2Fv2%2Ftags&post=1732"}],"curies":[{"name":"wp","href":"https:\/\/api.w.org\/{rel}","templated":true}]}}