{"id":1724,"date":"2021-11-12T19:55:01","date_gmt":"2021-11-12T19:55:01","guid":{"rendered":"http:\/\/www.adeomrocha.com.uy\/?p=1724"},"modified":"2021-11-12T19:55:01","modified_gmt":"2021-11-12T19:55:01","slug":"realizamos-asamblea","status":"publish","type":"post","link":"https:\/\/www.adeomrocha.com.uy\/?p=1724","title":{"rendered":"Realizamos asamblea"},"content":{"rendered":"\n<p>En la ma\u00f1ana de este viernes 12 de noviembre se realiz\u00f3 la Asamblea Anual de ADEOM Rocha dando cumplimiento a lo establecido en los Estatutos de la Asociaci\u00f3n.<\/p>\n\n\n\n<p>En la misma se rindi\u00f3 cuenta a los socios, se present\u00f3 memoria, balance de tesorer\u00eda, resalt\u00e1ndola existencia de \u201csuper\u00e1vit \u201d inform\u00f3 el presidente del sindicato.<\/p>\n\n\n\n<p>H\u00e9ctor Pereyra Churi, presidente del gremio, sostuvo que se han logrado cosas importantes y \u201cque d\u00eda a d\u00eda se siguen sumando socios\u201d.&nbsp;<\/p>\n","protected":false},"excerpt":{"rendered":"<p>En la ma\u00f1ana de este viernes 12 de noviembre se realiz\u00f3 la Asamblea Anual de ADEOM Rocha dando cumplimiento a lo establecido en los Estatutos de la Asociaci\u00f3n. En la misma se rindi\u00f3 cuenta a los socios, se present\u00f3 memoria, balance de tesorer\u00eda, resalt\u00e1ndola existencia de \u201csuper\u00e1vit \u201d inform\u00f3 el presidente del sindicato. H\u00e9ctor Pereyra [&hellip;]<\/p>\n","protected":false},"author":1,"featured_media":1725,"comment_status":"open","ping_status":"open","sticky":false,"template":"","format":"standard","meta":{"footnotes":""},"categories":[2],"tags":[],"class_list":["post-1724","post","type-post","status-publish","format-standard","has-post-thumbnail","hentry","category-informacion-general"],"_links":{"self":[{"href":"https:\/\/www.adeomrocha.com.uy\/index.php?rest_route=\/wp\/v2\/posts\/1724","targetHints":{"allow":["GET"]}}],"collection":[{"href":"https:\/\/www.adeomrocha.com.uy\/index.php?rest_route=\/wp\/v2\/posts"}],"about":[{"href":"https:\/\/www.adeomrocha.com.uy\/index.php?rest_route=\/wp\/v2\/types\/post"}],"author":[{"embeddable":true,"href":"https:\/\/www.adeomrocha.com.uy\/index.php?rest_route=\/wp\/v2\/users\/1"}],"replies":[{"embeddable":true,"href":"https:\/\/www.adeomrocha.com.uy\/index.php?rest_route=%2Fwp%2Fv2%2Fcomments&post=1724"}],"version-history":[{"count":1,"href":"https:\/\/www.adeomrocha.com.uy\/index.php?rest_route=\/wp\/v2\/posts\/1724\/revisions"}],"predecessor-version":[{"id":1726,"href":"https:\/\/www.adeomrocha.com.uy\/index.php?rest_route=\/wp\/v2\/posts\/1724\/revisions\/1726"}],"wp:featuredmedia":[{"embeddable":true,"href":"https:\/\/www.adeomrocha.com.uy\/index.php?rest_route=\/wp\/v2\/media\/1725"}],"wp:attachment":[{"href":"https:\/\/www.adeomrocha.com.uy\/index.php?rest_route=%2Fwp%2Fv2%2Fmedia&parent=1724"}],"wp:term":[{"taxonomy":"category","embeddable":true,"href":"https:\/\/www.adeomrocha.com.uy\/index.php?rest_route=%2Fwp%2Fv2%2Fcategories&post=1724"},{"taxonomy":"post_tag","embeddable":true,"href":"https:\/\/www.adeomrocha.com.uy\/index.php?rest_route=%2Fwp%2Fv2%2Ftags&post=1724"}],"curies":[{"name":"wp","href":"https:\/\/api.w.org\/{rel}","templated":true}]}}