{"id":1652,"date":"2021-07-11T22:59:14","date_gmt":"2021-07-11T22:59:14","guid":{"rendered":"http:\/\/www.adeomrocha.com.uy\/?p=1652"},"modified":"2021-07-11T22:59:14","modified_gmt":"2021-07-11T22:59:14","slug":"feliz-dia-del-padre","status":"publish","type":"post","link":"https:\/\/www.adeomrocha.com.uy\/?p=1652","title":{"rendered":"FELIZ DIA DEL PADRE"},"content":{"rendered":"\n<p>La Asociaci\u00f3n de Empelados y Obreros Municipales de Rocha , env\u00eda un saludo especial a todos nuestros asociados y trabajadores que est\u00e1n conmemorando esta significativa fecha.<br>Como directiva sindical queremos reconocer el compromiso y esfuerzo que los padres trabajadores realizan diariamente para brindar seguridad y bienestar a sus hijos y familiares, a pesar del complejo escenario sanitario que se enfrenta a nivel mundial.<br>Reciban nuestros saludos, esperando que en este d\u00eda la felicidad de contar con sus hijos sanos y salvos, sean el mejor regalo que puedan recibir.<\/p>\n\n\n\n<p>FELIZ D\u00cdA DEL PADRE, les desea ADEOM ROCHA<\/p>\n","protected":false},"excerpt":{"rendered":"<p>La Asociaci\u00f3n de Empelados y Obreros Municipales de Rocha , env\u00eda un saludo especial a todos nuestros asociados y trabajadores que est\u00e1n conmemorando esta significativa fecha.Como directiva sindical queremos reconocer el compromiso y esfuerzo que los padres trabajadores realizan diariamente para brindar seguridad y bienestar a sus hijos y familiares, a pesar del complejo escenario [&hellip;]<\/p>\n","protected":false},"author":1,"featured_media":1653,"comment_status":"open","ping_status":"open","sticky":false,"template":"","format":"standard","meta":{"footnotes":""},"categories":[2],"tags":[],"class_list":["post-1652","post","type-post","status-publish","format-standard","has-post-thumbnail","hentry","category-informacion-general"],"_links":{"self":[{"href":"https:\/\/www.adeomrocha.com.uy\/index.php?rest_route=\/wp\/v2\/posts\/1652","targetHints":{"allow":["GET"]}}],"collection":[{"href":"https:\/\/www.adeomrocha.com.uy\/index.php?rest_route=\/wp\/v2\/posts"}],"about":[{"href":"https:\/\/www.adeomrocha.com.uy\/index.php?rest_route=\/wp\/v2\/types\/post"}],"author":[{"embeddable":true,"href":"https:\/\/www.adeomrocha.com.uy\/index.php?rest_route=\/wp\/v2\/users\/1"}],"replies":[{"embeddable":true,"href":"https:\/\/www.adeomrocha.com.uy\/index.php?rest_route=%2Fwp%2Fv2%2Fcomments&post=1652"}],"version-history":[{"count":1,"href":"https:\/\/www.adeomrocha.com.uy\/index.php?rest_route=\/wp\/v2\/posts\/1652\/revisions"}],"predecessor-version":[{"id":1654,"href":"https:\/\/www.adeomrocha.com.uy\/index.php?rest_route=\/wp\/v2\/posts\/1652\/revisions\/1654"}],"wp:featuredmedia":[{"embeddable":true,"href":"https:\/\/www.adeomrocha.com.uy\/index.php?rest_route=\/wp\/v2\/media\/1653"}],"wp:attachment":[{"href":"https:\/\/www.adeomrocha.com.uy\/index.php?rest_route=%2Fwp%2Fv2%2Fmedia&parent=1652"}],"wp:term":[{"taxonomy":"category","embeddable":true,"href":"https:\/\/www.adeomrocha.com.uy\/index.php?rest_route=%2Fwp%2Fv2%2Fcategories&post=1652"},{"taxonomy":"post_tag","embeddable":true,"href":"https:\/\/www.adeomrocha.com.uy\/index.php?rest_route=%2Fwp%2Fv2%2Ftags&post=1652"}],"curies":[{"name":"wp","href":"https:\/\/api.w.org\/{rel}","templated":true}]}}