{"id":1646,"date":"2021-07-07T12:06:45","date_gmt":"2021-07-07T12:06:45","guid":{"rendered":"http:\/\/www.adeomrocha.com.uy\/?p=1646"},"modified":"2021-07-07T12:06:45","modified_gmt":"2021-07-07T12:06:45","slug":"elecciones-de-directores-sociales-bps-28-noviembre","status":"publish","type":"post","link":"https:\/\/www.adeomrocha.com.uy\/?p=1646","title":{"rendered":"Elecciones de Directores Sociales BPS 28 noviembre"},"content":{"rendered":"\n<p>El 28 de noviembre se realizar\u00e1n las elecciones a directores sociales de Bps, y como trabajadores se deber\u00e1 votar de manera obligatoria a su representante, es por ello que desde Adeom Rocha informamos que no tenemos ninguna posici\u00f3n partidaria al respecto m\u00e1s que informar a los socios y a la poblaci\u00f3n en general de esta instancia eleccionaria.<\/p>\n\n\n\n<p><strong><em>Elecciones de Directores Sociales<\/em><\/strong><br>El domingo 28 de noviembre de 2021 se eligen representantes sociales para integrar el Directorio del Banco de Previsi\u00f3n Social en representaci\u00f3n de los trabajadores, de las empresas y de los jubilados y pensionistas.<\/p>\n\n\n\n<p>El Directorio del BPS est\u00e1 conformado por cuatro miembros designados directamente por el Poder Ejecutivo con venia del Senado y tres Directores sociales electos por cada uno de los \u00f3rdenes: Jubilados y Pensionistas, Trabajadores Activos y Empresas Contribuyentes.<\/p>\n\n\n\n<p>El BPS est\u00e1 confeccionando los padrones a ser utilizados en esta elecci\u00f3n de los representantes sociales. El voto es secreto, personal y obligatorio, para las personas incluidas en los padrones electorales.<\/p>\n\n\n\n<p>Deber\u00e1n votar los JUBILADOS Y PENSIONISTAS y los TRABAJADORES ACTIVOS p\u00fablicos y privados mayores de 18 a\u00f1os que sean tales al 28\/02\/2021. Adem\u00e1s, est\u00e1n incluidos quienes sin reunir los requisitos al 28\/02\/2021, s\u00ed lo hicieran al 31\/07\/2020, siempre que no estuvieren comprendidos en ninguno de los otros \u00f3rdenes al 28\/02\/2021.<\/p>\n\n\n\n<p>Estos jubilados y pensionistas as\u00ed como los trabajadores activos que tengan Credencial C\u00edvica, no deber\u00e1n hacer ninguna gesti\u00f3n en esta instancia.<\/p>\n\n\n\n<p>Tambi\u00e9n deber\u00e1n votar las EMPRESAS CONTRIBUYENTES de cualquier tipo de aportaci\u00f3n, salvo excepciones, que est\u00e9n inscriptas ante el BPS al 28\/02\/2021 y al d\u00eda en el pago de sus obligaciones corrientes y de cuotas por convenio. Se incluyen en este padr\u00f3n las empresas que si bien no cumplen las condiciones anteriores al 28\/02\/2021, las verifican al 31\/07\/2020.<\/p>\n\n\n\n<p>No votan los contribuyentes de aportaci\u00f3n Civil, Bancaria, Notarial y Profesional, titulares usuarios de servicios, empleadores de Servicio Dom\u00e9stico y titulares de obras de Construcci\u00f3n.<\/p>\n\n\n\n<p>Todas las empresas contribuyentes sean pluripersonales o unipersonales tienen derecho a un solo voto.<\/p>\n\n\n\n<p>En el caso de las empresas unipersonales, votan \u00fanicamente sus titulares, sin necesidad de realizar ninguna gesti\u00f3n en esta oportunidad.<\/p>\n\n\n\n<p>Designaci\u00f3n de mandatarios \u2013 Plazo<br>Las EMPRESAS CONTRIBUYENTES no estatales, pluripersonales o sociedades, deber\u00e1n designar a un apoderado o \u201cmandatario\u201c, para que las represente y vote en la elecci\u00f3n. Este mandato tiene validez solamente para los actos eleccionarios del BPS y tendr\u00e1 vigencia hasta su revocaci\u00f3n, cuando la empresa nombre a otro en su lugar.<\/p>\n\n\n\n<p>Estas empresas tienen plazo hasta el viernes 9 de julio para designar mandatario a trav\u00e9s del servicio en l\u00ednea Ingresar mandatarios para elecciones BPS.<\/p>\n\n\n\n<p>Esta designaci\u00f3n puede recaer en cualquier persona f\u00edsica, que pertenezca o no a la sociedad.<\/p>\n\n\n\n<p>Un mismo mandatario podr\u00e1 votar por un m\u00e1ximo de diez empresas.<\/p>\n\n\n\n<p>El mandatario puede ser un extranjero que no tenga Credencial C\u00edvica y en este caso, se deber\u00e1 indicar su n\u00famero de c\u00e9dula de identidad y el domicilio de residencia (Departamento, Localidad, Calle).<\/p>\n\n\n\n<p>Inclusi\u00f3n de otros extranjeros en padrones electorales \u2013 Plazo<br>En el caso de extranjeros que sean Jubilados y Pensionistas, Trabajadores o Empresas Unipersonales que cumplan con las condiciones y no cuenten con Credencial C\u00edvica, votar\u00e1n con su C\u00e9dula de Identidad por su domicilio de residencia.<\/p>\n\n\n\n<p>Hasta el 9 de julio tienen plazo para integrarse al padr\u00f3n electoral, realizando el ingreso de su domicilio personal de residencia en el aplicativo Relevamiento de domicilios.<\/p>\n\n\n\n<p>Adem\u00e1s, podr\u00e1 registrar su domicilio a trav\u00e9s del WhatsApp oficial del BPS 092 36 62 72.<\/p>\n\n\n\n<p>Sanciones<br>Las sanciones a los jubilados y pensionistas que no voten ser\u00e1n de una multa igual a la de no haber votado en las \u00faltimas elecciones nacionales.<\/p>\n\n\n\n<p>Si un trabajador no cumple con la obligaci\u00f3n del voto, se le aplicar\u00e1 una multa igual a la de no haber votado en las \u00faltimas elecciones nacionales. Y en caso de no pagarla, su empleador ser\u00e1 responsable solidariamente.<\/p>\n\n\n\n<p>A las empresas que no designen un mandatario o habi\u00e9ndolo designado, no concurran a votar, se les aplicar\u00e1 una sanci\u00f3n de 6, 12 o 20 UR, seg\u00fan la cantidad de trabajadores dependientes, sin importar su naturaleza jur\u00eddica.<\/p>\n\n\n\n<div class=\"wp-block-file\"><a href=\"http:\/\/www.adeomrocha.com.uy\/wp-content\/uploads\/2021\/07\/ley-19786-modif.-ley-16241.-elecciones-sociales-bps.pdf\">ley-19786-modif.-ley-16241.-elecciones-sociales-bps<\/a><a href=\"http:\/\/www.adeomrocha.com.uy\/wp-content\/uploads\/2021\/07\/ley-19786-modif.-ley-16241.-elecciones-sociales-bps.pdf\" class=\"wp-block-file__button\" download>Descarga<\/a><\/div>\n\n\n\n<div class=\"wp-block-file\"><a href=\"http:\/\/www.adeomrocha.com.uy\/wp-content\/uploads\/2021\/07\/elecciones-sociales-del-bps-2021.pdf\">elecciones-sociales-del-bps-2021<\/a><a href=\"http:\/\/www.adeomrocha.com.uy\/wp-content\/uploads\/2021\/07\/elecciones-sociales-del-bps-2021.pdf\" class=\"wp-block-file__button\" download>Descarga<\/a><\/div>\n\n\n\n<div class=\"wp-block-file\"><a href=\"http:\/\/www.adeomrocha.com.uy\/wp-content\/uploads\/2021\/07\/ley-16241-eleccion-de-representantes-sociales-en-el-directorio-del-bps.pdf\">ley-16241-eleccion-de-representantes-sociales-en-el-directorio-del-bps<\/a><a href=\"http:\/\/www.adeomrocha.com.uy\/wp-content\/uploads\/2021\/07\/ley-16241-eleccion-de-representantes-sociales-en-el-directorio-del-bps.pdf\" class=\"wp-block-file__button\" download>Descarga<\/a><\/div>\n\n\n\n<p><\/p>\n","protected":false},"excerpt":{"rendered":"<p>El 28 de noviembre se realizar\u00e1n las elecciones a directores sociales de Bps, y como trabajadores se deber\u00e1 votar de manera obligatoria a su representante, es por ello que desde Adeom Rocha informamos que no tenemos ninguna posici\u00f3n partidaria al respecto m\u00e1s que informar a los socios y a la poblaci\u00f3n en general de esta [&hellip;]<\/p>\n","protected":false},"author":1,"featured_media":1650,"comment_status":"open","ping_status":"open","sticky":false,"template":"","format":"standard","meta":{"footnotes":""},"categories":[2],"tags":[],"class_list":["post-1646","post","type-post","status-publish","format-standard","has-post-thumbnail","hentry","category-informacion-general"],"_links":{"self":[{"href":"https:\/\/www.adeomrocha.com.uy\/index.php?rest_route=\/wp\/v2\/posts\/1646","targetHints":{"allow":["GET"]}}],"collection":[{"href":"https:\/\/www.adeomrocha.com.uy\/index.php?rest_route=\/wp\/v2\/posts"}],"about":[{"href":"https:\/\/www.adeomrocha.com.uy\/index.php?rest_route=\/wp\/v2\/types\/post"}],"author":[{"embeddable":true,"href":"https:\/\/www.adeomrocha.com.uy\/index.php?rest_route=\/wp\/v2\/users\/1"}],"replies":[{"embeddable":true,"href":"https:\/\/www.adeomrocha.com.uy\/index.php?rest_route=%2Fwp%2Fv2%2Fcomments&post=1646"}],"version-history":[{"count":1,"href":"https:\/\/www.adeomrocha.com.uy\/index.php?rest_route=\/wp\/v2\/posts\/1646\/revisions"}],"predecessor-version":[{"id":1651,"href":"https:\/\/www.adeomrocha.com.uy\/index.php?rest_route=\/wp\/v2\/posts\/1646\/revisions\/1651"}],"wp:featuredmedia":[{"embeddable":true,"href":"https:\/\/www.adeomrocha.com.uy\/index.php?rest_route=\/wp\/v2\/media\/1650"}],"wp:attachment":[{"href":"https:\/\/www.adeomrocha.com.uy\/index.php?rest_route=%2Fwp%2Fv2%2Fmedia&parent=1646"}],"wp:term":[{"taxonomy":"category","embeddable":true,"href":"https:\/\/www.adeomrocha.com.uy\/index.php?rest_route=%2Fwp%2Fv2%2Fcategories&post=1646"},{"taxonomy":"post_tag","embeddable":true,"href":"https:\/\/www.adeomrocha.com.uy\/index.php?rest_route=%2Fwp%2Fv2%2Ftags&post=1646"}],"curies":[{"name":"wp","href":"https:\/\/api.w.org\/{rel}","templated":true}]}}