{"id":1642,"date":"2021-06-26T23:06:49","date_gmt":"2021-06-26T23:06:49","guid":{"rendered":"http:\/\/www.adeomrocha.com.uy\/?p=1642"},"modified":"2021-06-26T23:06:49","modified_gmt":"2021-06-26T23:06:49","slug":"se-extienden-medidas","status":"publish","type":"post","link":"https:\/\/www.adeomrocha.com.uy\/?p=1642","title":{"rendered":"Se extienden medidas"},"content":{"rendered":"\n<p>El Congreso de Intendentes ha resuelto continuar una semana m\u00e1s sin atenci\u00f3n al p\u00fablico en las Intendencias por lo tanto  se prorroga hasta el 4 de Julio las medidas sanitarias que estaban vigentes.<\/p>\n","protected":false},"excerpt":{"rendered":"<p>El Congreso de Intendentes ha resuelto continuar una semana m\u00e1s sin atenci\u00f3n al p\u00fablico en las Intendencias por lo tanto se prorroga hasta el 4 de Julio las medidas sanitarias que estaban vigentes.<\/p>\n","protected":false},"author":1,"featured_media":1643,"comment_status":"open","ping_status":"open","sticky":false,"template":"","format":"standard","meta":{"footnotes":""},"categories":[2,3],"tags":[],"class_list":["post-1642","post","type-post","status-publish","format-standard","has-post-thumbnail","hentry","category-informacion-general","category-coronavirus"],"_links":{"self":[{"href":"https:\/\/www.adeomrocha.com.uy\/index.php?rest_route=\/wp\/v2\/posts\/1642","targetHints":{"allow":["GET"]}}],"collection":[{"href":"https:\/\/www.adeomrocha.com.uy\/index.php?rest_route=\/wp\/v2\/posts"}],"about":[{"href":"https:\/\/www.adeomrocha.com.uy\/index.php?rest_route=\/wp\/v2\/types\/post"}],"author":[{"embeddable":true,"href":"https:\/\/www.adeomrocha.com.uy\/index.php?rest_route=\/wp\/v2\/users\/1"}],"replies":[{"embeddable":true,"href":"https:\/\/www.adeomrocha.com.uy\/index.php?rest_route=%2Fwp%2Fv2%2Fcomments&post=1642"}],"version-history":[{"count":1,"href":"https:\/\/www.adeomrocha.com.uy\/index.php?rest_route=\/wp\/v2\/posts\/1642\/revisions"}],"predecessor-version":[{"id":1644,"href":"https:\/\/www.adeomrocha.com.uy\/index.php?rest_route=\/wp\/v2\/posts\/1642\/revisions\/1644"}],"wp:featuredmedia":[{"embeddable":true,"href":"https:\/\/www.adeomrocha.com.uy\/index.php?rest_route=\/wp\/v2\/media\/1643"}],"wp:attachment":[{"href":"https:\/\/www.adeomrocha.com.uy\/index.php?rest_route=%2Fwp%2Fv2%2Fmedia&parent=1642"}],"wp:term":[{"taxonomy":"category","embeddable":true,"href":"https:\/\/www.adeomrocha.com.uy\/index.php?rest_route=%2Fwp%2Fv2%2Fcategories&post=1642"},{"taxonomy":"post_tag","embeddable":true,"href":"https:\/\/www.adeomrocha.com.uy\/index.php?rest_route=%2Fwp%2Fv2%2Ftags&post=1642"}],"curies":[{"name":"wp","href":"https:\/\/api.w.org\/{rel}","templated":true}]}}