{"id":1638,"date":"2021-06-16T14:08:20","date_gmt":"2021-06-16T14:08:20","guid":{"rendered":"http:\/\/www.adeomrocha.com.uy\/?p=1638"},"modified":"2021-06-16T14:08:20","modified_gmt":"2021-06-16T14:08:20","slug":"recomendaciones-ante-anuncio-de-ola-de-frio","status":"publish","type":"post","link":"https:\/\/www.adeomrocha.com.uy\/?p=1638","title":{"rendered":"Recomendaciones ante anuncio de ola de fr\u00edo"},"content":{"rendered":"\n<p><\/p>\n\n\n\n<p>Ante el registro de descenso de temperaturas anunciado por INUMET y ante el riesgo que para la salud puede constituir el fr\u00edo intenso, ADEOM Rocha informa las recomendaciones efectuadas por el Ministerio de Salud P\u00fablica a trav\u00e9s de la Direcci\u00f3n General de Salud:<\/p>\n\n\n\n<p>Evitar la exposici\u00f3n a temperaturas extremas.<br>\u2022 En caso de tener que salir de su hogar en estas condiciones, protegerse con ropa adecuada, en m\u00faltiples capas que sirven de aislamiento. Importante es tambi\u00e9n cubrirse el rostro, las orejas, las manos y los pies. Los gorros ayudan a conservar la temperatura corporal.<\/p>\n\n\n\n<p>\u2022 Es preciso prestar especial atenci\u00f3n a ni\u00f1os y ancianos en caso de fr\u00edo extremo, ya que constituyen grupos de poblaci\u00f3n especialmente vulnerables.<\/p>\n\n\n\n<p>\u2022 Antes de utilizar equipos de calefacci\u00f3n como estufas, es necesario que los revisen t\u00e9cnicos calificados y mantenerlos apagados mientras se duerme o se est\u00e1 ausente. En el caso de los que son calefacciones a le\u00f1a o combusti\u00f3n como por ejemplo a querosene, deben utilizarse solamente en ambientes adecuadamente ventilados para evitar posibles intoxicaciones.<\/p>\n\n\n\n<p>\u2022 Mantener los equipos de calefacci\u00f3n alejados de objetos que puedan incendiarse como muebles, cortinas, frazadas y nunca cubrirlos.<\/p>\n\n\n\n<p>\u2022 No se debe dejar ni\u00f1os sin supervisi\u00f3n en un ambiente con equipos de calefacci\u00f3n encendidos.<\/p>\n\n\n\n<p>Hipotermia:<br>\u2022 Cuando est\u00e1 expuesto a temperaturas fr\u00edas, su cuerpo comienza a perder calor m\u00e1s r\u00e1pido de lo que puede producirlo.<\/p>\n\n\n\n<p>\u2022 La baja temperatura del cuerpo puede producir que no pueda pensar de manera clara ni moverse normalmente. Es posible que no sepa que tiene hipotermia.<\/p>\n\n\n\n<p>\u2022 Si la temperatura corporal es menor a 35 \u00baC, se trata de una situaci\u00f3n de emergencia; busque atenci\u00f3n m\u00e9dica inmediatamente.<\/p>\n\n\n\n<p>Medidas de prevenci\u00f3n para infecciones respiratorias<br>Si bien hemos estado muy pendientes de la COVID-19, con la llegada del fr\u00edo se est\u00e1 expuesto tambi\u00e9n a otros virus como el de la influenza que provoca la gripe estacional. En algunos casos estos cuadros de gripe pueden hacerse m\u00e1s severos e incluso, ocasionalmente, producir la muerte.<\/p>\n\n\n\n<p>Los principales s\u00edntomas de la COVID-19 y la gripe estacional son muy similares: fiebre (chuchos de fr\u00edo o sensaci\u00f3n febril), tos, dolor de garganta, secreci\u00f3n nasal, dolor muscular (mialgia), dolor de cabeza (cefaleas), decaimiento o malestar general (astenia), dificultad para respirar y en ni\u00f1os es posible la presencia de n\u00e1useas o v\u00f3mitos.<\/p>\n\n\n\n<p>Es preciso recordar que gripe y resfriado no son sin\u00f3nimos. Si bien ambos constituyen infecciones respiratorias, son causadas por virus diferentes. Distinguir entre gripe y resfr\u00edo puede no ser sencillo, pese a lo cual en general, la fiebre, tos y el dolor muscular son menos frecuentes o ni se presentan en los casos de resfr\u00edo. Estos cuadros suelen ser m\u00e1s leves que los de gripe y raramente determina complicaciones como neumon\u00edas, infecciones bacterianas o necesidad de internaci\u00f3n.<\/p>\n\n\n\n<p>Ciertos grupos de personas, en particular ni\u00f1os peque\u00f1os, ancianos, personas con enfermedades cr\u00f3nicas, presentan un mayor riesgo de cursar cuadros m\u00e1s graves. El Ministerio de Salud P\u00fablica ha desarrollado la campa\u00f1a anual de vacunaci\u00f3n antigripal de modo de proteger a estos grupos de riesgo y al resto de la poblaci\u00f3n del pa\u00eds.<\/p>\n\n\n\n<p>Tambi\u00e9n es bueno recordar que todas las medidas de prevenci\u00f3n para la COVID-19 tambi\u00e9n son \u00fatiles para este tipo de afecciones.<\/p>\n","protected":false},"excerpt":{"rendered":"<p>Ante el registro de descenso de temperaturas anunciado por INUMET y ante el riesgo que para la salud puede constituir el fr\u00edo intenso, ADEOM Rocha informa las recomendaciones efectuadas por el Ministerio de Salud P\u00fablica a trav\u00e9s de la Direcci\u00f3n General de Salud: Evitar la exposici\u00f3n a temperaturas extremas.\u2022 En caso de tener que salir [&hellip;]<\/p>\n","protected":false},"author":1,"featured_media":1639,"comment_status":"open","ping_status":"open","sticky":false,"template":"","format":"standard","meta":{"footnotes":""},"categories":[2,3],"tags":[],"class_list":["post-1638","post","type-post","status-publish","format-standard","has-post-thumbnail","hentry","category-informacion-general","category-coronavirus"],"_links":{"self":[{"href":"https:\/\/www.adeomrocha.com.uy\/index.php?rest_route=\/wp\/v2\/posts\/1638","targetHints":{"allow":["GET"]}}],"collection":[{"href":"https:\/\/www.adeomrocha.com.uy\/index.php?rest_route=\/wp\/v2\/posts"}],"about":[{"href":"https:\/\/www.adeomrocha.com.uy\/index.php?rest_route=\/wp\/v2\/types\/post"}],"author":[{"embeddable":true,"href":"https:\/\/www.adeomrocha.com.uy\/index.php?rest_route=\/wp\/v2\/users\/1"}],"replies":[{"embeddable":true,"href":"https:\/\/www.adeomrocha.com.uy\/index.php?rest_route=%2Fwp%2Fv2%2Fcomments&post=1638"}],"version-history":[{"count":1,"href":"https:\/\/www.adeomrocha.com.uy\/index.php?rest_route=\/wp\/v2\/posts\/1638\/revisions"}],"predecessor-version":[{"id":1640,"href":"https:\/\/www.adeomrocha.com.uy\/index.php?rest_route=\/wp\/v2\/posts\/1638\/revisions\/1640"}],"wp:featuredmedia":[{"embeddable":true,"href":"https:\/\/www.adeomrocha.com.uy\/index.php?rest_route=\/wp\/v2\/media\/1639"}],"wp:attachment":[{"href":"https:\/\/www.adeomrocha.com.uy\/index.php?rest_route=%2Fwp%2Fv2%2Fmedia&parent=1638"}],"wp:term":[{"taxonomy":"category","embeddable":true,"href":"https:\/\/www.adeomrocha.com.uy\/index.php?rest_route=%2Fwp%2Fv2%2Fcategories&post=1638"},{"taxonomy":"post_tag","embeddable":true,"href":"https:\/\/www.adeomrocha.com.uy\/index.php?rest_route=%2Fwp%2Fv2%2Ftags&post=1638"}],"curies":[{"name":"wp","href":"https:\/\/api.w.org\/{rel}","templated":true}]}}