{"id":1602,"date":"2021-05-26T15:08:46","date_gmt":"2021-05-26T15:08:46","guid":{"rendered":"http:\/\/www.adeomrocha.com.uy\/?p=1602"},"modified":"2021-05-27T17:15:36","modified_gmt":"2021-05-27T17:15:36","slug":"firmamos-convenio-colectivo-2021-2025","status":"publish","type":"post","link":"https:\/\/www.adeomrocha.com.uy\/?p=1602","title":{"rendered":"FIRMAMOS CONVENIO COLECTIVO 2021\/2025"},"content":{"rendered":"\n<p>Compa\u00f1eros en la ma\u00f1ana de este mi\u00e9rcoles en el Centro Cultural MEM firmamos el convenio colectivo.El Ejecutivo acord\u00f3 con el sindicato una serie de medidas, seg\u00fan lo establece la Ley 18.508 de 2009, que regulan las condiciones laborales y salariales para el per\u00edodo 2021 &#8211; 2025.<\/p>\n\n\n\n<p>Ac\u00e1 dejamos el documento<\/p>\n\n\n\n<figure class=\"wp-block-image size-large\"><a href=\"http:\/\/www.adeomrocha.com.uy\/wp-content\/uploads\/2021\/05\/0001-1-scaled.jpg\"><img loading=\"lazy\" decoding=\"async\" width=\"739\" height=\"1024\" src=\"http:\/\/www.adeomrocha.com.uy\/wp-content\/uploads\/2021\/05\/0001-1-739x1024.jpg\" alt=\"\" class=\"wp-image-1603\" srcset=\"https:\/\/www.adeomrocha.com.uy\/wp-content\/uploads\/2021\/05\/0001-1-739x1024.jpg 739w, https:\/\/www.adeomrocha.com.uy\/wp-content\/uploads\/2021\/05\/0001-1-216x300.jpg 216w, https:\/\/www.adeomrocha.com.uy\/wp-content\/uploads\/2021\/05\/0001-1-768x1065.jpg 768w, https:\/\/www.adeomrocha.com.uy\/wp-content\/uploads\/2021\/05\/0001-1-1108x1536.jpg 1108w, https:\/\/www.adeomrocha.com.uy\/wp-content\/uploads\/2021\/05\/0001-1-1477x2048.jpg 1477w, https:\/\/www.adeomrocha.com.uy\/wp-content\/uploads\/2021\/05\/0001-1-scaled.jpg 1847w\" sizes=\"auto, (max-width: 739px) 100vw, 739px\" \/><\/a><\/figure>\n\n\n\n<figure class=\"wp-block-image size-large\"><a href=\"http:\/\/www.adeomrocha.com.uy\/wp-content\/uploads\/2021\/05\/0002-1-scaled.jpg\"><img loading=\"lazy\" decoding=\"async\" width=\"739\" height=\"1024\" src=\"http:\/\/www.adeomrocha.com.uy\/wp-content\/uploads\/2021\/05\/0002-1-739x1024.jpg\" alt=\"\" class=\"wp-image-1604\" srcset=\"https:\/\/www.adeomrocha.com.uy\/wp-content\/uploads\/2021\/05\/0002-1-739x1024.jpg 739w, https:\/\/www.adeomrocha.com.uy\/wp-content\/uploads\/2021\/05\/0002-1-216x300.jpg 216w, https:\/\/www.adeomrocha.com.uy\/wp-content\/uploads\/2021\/05\/0002-1-768x1065.jpg 768w, https:\/\/www.adeomrocha.com.uy\/wp-content\/uploads\/2021\/05\/0002-1-1108x1536.jpg 1108w, https:\/\/www.adeomrocha.com.uy\/wp-content\/uploads\/2021\/05\/0002-1-1477x2048.jpg 1477w, https:\/\/www.adeomrocha.com.uy\/wp-content\/uploads\/2021\/05\/0002-1-scaled.jpg 1847w\" sizes=\"auto, (max-width: 739px) 100vw, 739px\" \/><\/a><\/figure>\n\n\n\n<figure class=\"wp-block-image size-large\"><a href=\"http:\/\/www.adeomrocha.com.uy\/wp-content\/uploads\/2021\/05\/convenio-1.jpg\"><img loading=\"lazy\" decoding=\"async\" width=\"750\" height=\"562\" src=\"http:\/\/www.adeomrocha.com.uy\/wp-content\/uploads\/2021\/05\/convenio-1.jpg\" alt=\"\" class=\"wp-image-1607\" srcset=\"https:\/\/www.adeomrocha.com.uy\/wp-content\/uploads\/2021\/05\/convenio-1.jpg 750w, https:\/\/www.adeomrocha.com.uy\/wp-content\/uploads\/2021\/05\/convenio-1-300x225.jpg 300w\" sizes=\"auto, (max-width: 750px) 100vw, 750px\" \/><\/a><\/figure>\n\n\n\n<figure class=\"wp-block-image size-large\"><a href=\"http:\/\/www.adeomrocha.com.uy\/wp-content\/uploads\/2021\/05\/convenio2.jpg\"><img loading=\"lazy\" decoding=\"async\" width=\"753\" height=\"565\" src=\"http:\/\/www.adeomrocha.com.uy\/wp-content\/uploads\/2021\/05\/convenio2.jpg\" alt=\"\" class=\"wp-image-1608\" srcset=\"https:\/\/www.adeomrocha.com.uy\/wp-content\/uploads\/2021\/05\/convenio2.jpg 753w, https:\/\/www.adeomrocha.com.uy\/wp-content\/uploads\/2021\/05\/convenio2-300x225.jpg 300w\" sizes=\"auto, (max-width: 753px) 100vw, 753px\" \/><\/a><\/figure>\n\n\n\n<figure class=\"wp-block-image size-large\"><a href=\"http:\/\/www.adeomrocha.com.uy\/wp-content\/uploads\/2021\/05\/33.jpg\"><img loading=\"lazy\" decoding=\"async\" width=\"753\" height=\"565\" src=\"http:\/\/www.adeomrocha.com.uy\/wp-content\/uploads\/2021\/05\/33.jpg\" alt=\"\" class=\"wp-image-1609\" srcset=\"https:\/\/www.adeomrocha.com.uy\/wp-content\/uploads\/2021\/05\/33.jpg 753w, https:\/\/www.adeomrocha.com.uy\/wp-content\/uploads\/2021\/05\/33-300x225.jpg 300w\" sizes=\"auto, (max-width: 753px) 100vw, 753px\" \/><\/a><\/figure>\n\n\n\n<figure class=\"wp-block-image size-large\"><a href=\"http:\/\/www.adeomrocha.com.uy\/wp-content\/uploads\/2021\/05\/4-2.jpg\"><img loading=\"lazy\" decoding=\"async\" width=\"581\" height=\"423\" src=\"http:\/\/www.adeomrocha.com.uy\/wp-content\/uploads\/2021\/05\/4-2.jpg\" alt=\"\" class=\"wp-image-1610\" srcset=\"https:\/\/www.adeomrocha.com.uy\/wp-content\/uploads\/2021\/05\/4-2.jpg 581w, https:\/\/www.adeomrocha.com.uy\/wp-content\/uploads\/2021\/05\/4-2-300x218.jpg 300w\" sizes=\"auto, (max-width: 581px) 100vw, 581px\" \/><\/a><\/figure>\n","protected":false},"excerpt":{"rendered":"<p>Compa\u00f1eros en la ma\u00f1ana de este mi\u00e9rcoles en el Centro Cultural MEM firmamos el convenio colectivo.El Ejecutivo acord\u00f3 con el sindicato una serie de medidas, seg\u00fan lo establece la Ley 18.508 de 2009, que regulan las condiciones laborales y salariales para el per\u00edodo 2021 &#8211; 2025. Ac\u00e1 dejamos el documento<\/p>\n","protected":false},"author":1,"featured_media":1605,"comment_status":"open","ping_status":"open","sticky":false,"template":"","format":"standard","meta":{"footnotes":""},"categories":[2],"tags":[],"class_list":["post-1602","post","type-post","status-publish","format-standard","has-post-thumbnail","hentry","category-informacion-general"],"_links":{"self":[{"href":"https:\/\/www.adeomrocha.com.uy\/index.php?rest_route=\/wp\/v2\/posts\/1602","targetHints":{"allow":["GET"]}}],"collection":[{"href":"https:\/\/www.adeomrocha.com.uy\/index.php?rest_route=\/wp\/v2\/posts"}],"about":[{"href":"https:\/\/www.adeomrocha.com.uy\/index.php?rest_route=\/wp\/v2\/types\/post"}],"author":[{"embeddable":true,"href":"https:\/\/www.adeomrocha.com.uy\/index.php?rest_route=\/wp\/v2\/users\/1"}],"replies":[{"embeddable":true,"href":"https:\/\/www.adeomrocha.com.uy\/index.php?rest_route=%2Fwp%2Fv2%2Fcomments&post=1602"}],"version-history":[{"count":3,"href":"https:\/\/www.adeomrocha.com.uy\/index.php?rest_route=\/wp\/v2\/posts\/1602\/revisions"}],"predecessor-version":[{"id":2362,"href":"https:\/\/www.adeomrocha.com.uy\/index.php?rest_route=\/wp\/v2\/posts\/1602\/revisions\/2362"}],"wp:featuredmedia":[{"embeddable":true,"href":"https:\/\/www.adeomrocha.com.uy\/index.php?rest_route=\/wp\/v2\/media\/1605"}],"wp:attachment":[{"href":"https:\/\/www.adeomrocha.com.uy\/index.php?rest_route=%2Fwp%2Fv2%2Fmedia&parent=1602"}],"wp:term":[{"taxonomy":"category","embeddable":true,"href":"https:\/\/www.adeomrocha.com.uy\/index.php?rest_route=%2Fwp%2Fv2%2Fcategories&post=1602"},{"taxonomy":"post_tag","embeddable":true,"href":"https:\/\/www.adeomrocha.com.uy\/index.php?rest_route=%2Fwp%2Fv2%2Ftags&post=1602"}],"curies":[{"name":"wp","href":"https:\/\/api.w.org\/{rel}","templated":true}]}}